{"id":760,"date":"2020-11-24T12:31:44","date_gmt":"2020-11-24T11:31:44","guid":{"rendered":"http:\/\/menorcalplat.com\/joventut\/?p=760"},"modified":"2020-11-24T15:53:33","modified_gmt":"2020-11-24T14:53:33","slug":"menorca-al-plat-de-la-joventut-a-la-revista-somiatruites","status":"publish","type":"post","link":"https:\/\/menorcalplat.com\/joventut\/menorca-al-plat-de-la-joventut-a-la-revista-somiatruites\/","title":{"rendered":"Menorca al Plat de la Joventut a la revista Somiatruites"},"content":{"rendered":"\n<p>La revista gratu\u00efta Somiatruites, dirigida als m\u00e9s petits de la casa, s\u2019ha fet ress\u00f2 aquest mes de novembre del projecte Menorca al plat de la Joventut. <\/p>\n\n\n\n<p>A les p\u00e0gines 28 i 29 podeu trobar diferents formes de cuinar tres dels aliments que el camp ens ofereix en aquesta estaci\u00f3 de l\u2019any. A qui no li agrada una poma, una magrana o b\u00e9 una mandarina? Id\u00f2 ara \u00e9s el temps i estan en el seu millor moment de maduraci\u00f3. Tanmateix, gaireb\u00e9 sempre ens les mengem com a postres o b\u00e9 entre hores i sense cuinar. Per\u00f2 aquestes fruites, com totes les&nbsp; altres, tenen moltes possibilitats i les podem consumir de moltes altres maneres. Vos en proposem algunes en aquest nombre de Somiatruites, sobretot, per a donar idees de receptes molt senzilles perqu\u00e8 els m\u00e9s joves les puguin preparar a mode de postres, berenar o bereneta.<\/p>\n\n\n\n<p>Per exemple podem preparar rodanxes de poma amb mel de Menorca, o una broqueta de mandarina i poma, o b\u00e9 un batut de magrana amb iogurt natural.&nbsp;<\/p>\n\n\n\n<p>Segur que se te n\u2019acuden moltes m\u00e9s!<\/p>\n","protected":false},"excerpt":{"rendered":"<p>La revista gratu\u00efta Somiatruites, dirigida als m\u00e9s petits de la casa, s\u2019ha fet ress\u00f2 aquest mes de novembre del projecte Menorca al plat de la Joventut. A les p\u00e0gines 28 i 29 podeu trobar diferents formes de cuinar tres dels aliments que el camp ens ofereix en aquesta estaci\u00f3 de l\u2019any. A qui no li&hellip;<\/p>\n","protected":false},"author":2,"featured_media":767,"comment_status":"closed","ping_status":"closed","sticky":false,"template":"","format":"standard","meta":{"_acf_changed":false,"footnotes":""},"categories":[1],"tags":[],"class_list":["post-760","post","type-post","status-publish","format-standard","has-post-thumbnail","hentry","category-sense-categoria"],"acf":[],"yoast_head":"<!-- This site is optimized with the Yoast SEO plugin v23.6 - https:\/\/yoast.com\/wordpress\/plugins\/seo\/ -->\n<title>Menorca al Plat de la Joventut a la revista Somiatruites - Menorca al plat<\/title>\n<meta name=\"robots\" content=\"index, follow, max-snippet:-1, max-image-preview:large, max-video-preview:-1\" \/>\n<link rel=\"canonical\" href=\"https:\/\/menorcalplat.com\/joventut\/menorca-al-plat-de-la-joventut-a-la-revista-somiatruites\/\" \/>\n<meta property=\"og:locale\" content=\"ca_ES\" \/>\n<meta property=\"og:type\" content=\"article\" \/>\n<meta property=\"og:title\" content=\"Menorca al Plat de la Joventut a la revista Somiatruites - Menorca al plat\" \/>\n<meta property=\"og:description\" content=\"La revista gratu\u00efta Somiatruites, dirigida als m\u00e9s petits de la casa, s\u2019ha fet ress\u00f2 aquest mes de novembre del projecte Menorca al plat de la Joventut. A les p\u00e0gines 28 i 29 podeu trobar diferents formes de cuinar tres dels aliments que el camp ens ofereix en aquesta estaci\u00f3 de l\u2019any. A qui no li&hellip;\" \/>\n<meta property=\"og:url\" content=\"https:\/\/menorcalplat.com\/joventut\/menorca-al-plat-de-la-joventut-a-la-revista-somiatruites\/\" \/>\n<meta property=\"og:site_name\" content=\"Menorca al plat\" \/>\n<meta property=\"article:published_time\" content=\"2020-11-24T11:31:44+00:00\" \/>\n<meta property=\"article:modified_time\" content=\"2020-11-24T14:53:33+00:00\" \/>\n<meta property=\"og:image\" content=\"https:\/\/menorcalplat.com\/joventut\/wp-content\/uploads\/2020\/11\/somiatruites-menorca-al-plat-joventut-1.jpg\" \/>\n\t<meta property=\"og:image:width\" content=\"1738\" \/>\n\t<meta property=\"og:image:height\" content=\"1303\" \/>\n\t<meta property=\"og:image:type\" content=\"image\/jpeg\" \/>\n<meta name=\"author\" content=\"Miguel Carret\u00f3n\" \/>\n<meta name=\"twitter:card\" content=\"summary_large_image\" \/>\n<meta name=\"twitter:label1\" content=\"Escrit per\" \/>\n\t<meta name=\"twitter:data1\" content=\"Miguel Carret\u00f3n\" \/>\n\t<meta name=\"twitter:label2\" content=\"Temps estimat de lectura\" \/>\n\t<meta name=\"twitter:data2\" content=\"1 minut\" \/>\n<script type=\"application\/ld+json\" class=\"yoast-schema-graph\">{\"@context\":\"https:\/\/schema.org\",\"@graph\":[{\"@type\":\"WebPage\",\"@id\":\"https:\/\/menorcalplat.com\/joventut\/menorca-al-plat-de-la-joventut-a-la-revista-somiatruites\/\",\"url\":\"https:\/\/menorcalplat.com\/joventut\/menorca-al-plat-de-la-joventut-a-la-revista-somiatruites\/\",\"name\":\"Menorca al Plat de la Joventut a la revista Somiatruites - Menorca al plat\",\"isPartOf\":{\"@id\":\"https:\/\/menorcalplat.com\/joventut\/es\/#website\"},\"primaryImageOfPage\":{\"@id\":\"https:\/\/menorcalplat.com\/joventut\/menorca-al-plat-de-la-joventut-a-la-revista-somiatruites\/#primaryimage\"},\"image\":{\"@id\":\"https:\/\/menorcalplat.com\/joventut\/menorca-al-plat-de-la-joventut-a-la-revista-somiatruites\/#primaryimage\"},\"thumbnailUrl\":\"https:\/\/menorcalplat.com\/joventut\/wp-content\/uploads\/2020\/11\/somiatruites-menorca-al-plat-joventut-1.jpg\",\"datePublished\":\"2020-11-24T11:31:44+00:00\",\"dateModified\":\"2020-11-24T14:53:33+00:00\",\"author\":{\"@id\":\"https:\/\/menorcalplat.com\/joventut\/es\/#\/schema\/person\/352b2b067941f8068928b45adc30eac4\"},\"inLanguage\":\"ca\",\"potentialAction\":[{\"@type\":\"ReadAction\",\"target\":[\"https:\/\/menorcalplat.com\/joventut\/menorca-al-plat-de-la-joventut-a-la-revista-somiatruites\/\"]}]},{\"@type\":\"ImageObject\",\"inLanguage\":\"ca\",\"@id\":\"https:\/\/menorcalplat.com\/joventut\/menorca-al-plat-de-la-joventut-a-la-revista-somiatruites\/#primaryimage\",\"url\":\"https:\/\/menorcalplat.com\/joventut\/wp-content\/uploads\/2020\/11\/somiatruites-menorca-al-plat-joventut-1.jpg\",\"contentUrl\":\"https:\/\/menorcalplat.com\/joventut\/wp-content\/uploads\/2020\/11\/somiatruites-menorca-al-plat-joventut-1.jpg\",\"width\":1738,\"height\":1303,\"caption\":\"Somiatruites-menorca-al-plat-joventut\"},{\"@type\":\"WebSite\",\"@id\":\"https:\/\/menorcalplat.com\/joventut\/es\/#website\",\"url\":\"https:\/\/menorcalplat.com\/joventut\/es\/\",\"name\":\"Menorca al plat\",\"description\":\"de la joventut\",\"potentialAction\":[{\"@type\":\"SearchAction\",\"target\":{\"@type\":\"EntryPoint\",\"urlTemplate\":\"https:\/\/menorcalplat.com\/joventut\/es\/?s={search_term_string}\"},\"query-input\":{\"@type\":\"PropertyValueSpecification\",\"valueRequired\":true,\"valueName\":\"search_term_string\"}}],\"inLanguage\":\"ca\"},{\"@type\":\"Person\",\"@id\":\"https:\/\/menorcalplat.com\/joventut\/es\/#\/schema\/person\/352b2b067941f8068928b45adc30eac4\",\"name\":\"Miguel Carret\u00f3n\"}]}<\/script>\n<!-- \/ Yoast SEO plugin. -->","yoast_head_json":{"title":"Menorca al Plat de la Joventut a la revista Somiatruites - Menorca al plat","robots":{"index":"index","follow":"follow","max-snippet":"max-snippet:-1","max-image-preview":"max-image-preview:large","max-video-preview":"max-video-preview:-1"},"canonical":"https:\/\/menorcalplat.com\/joventut\/menorca-al-plat-de-la-joventut-a-la-revista-somiatruites\/","og_locale":"ca_ES","og_type":"article","og_title":"Menorca al Plat de la Joventut a la revista Somiatruites - Menorca al plat","og_description":"La revista gratu\u00efta Somiatruites, dirigida als m\u00e9s petits de la casa, s\u2019ha fet ress\u00f2 aquest mes de novembre del projecte Menorca al plat de la Joventut. A les p\u00e0gines 28 i 29 podeu trobar diferents formes de cuinar tres dels aliments que el camp ens ofereix en aquesta estaci\u00f3 de l\u2019any. A qui no li&hellip;","og_url":"https:\/\/menorcalplat.com\/joventut\/menorca-al-plat-de-la-joventut-a-la-revista-somiatruites\/","og_site_name":"Menorca al plat","article_published_time":"2020-11-24T11:31:44+00:00","article_modified_time":"2020-11-24T14:53:33+00:00","og_image":[{"width":1738,"height":1303,"url":"https:\/\/menorcalplat.com\/joventut\/wp-content\/uploads\/2020\/11\/somiatruites-menorca-al-plat-joventut-1.jpg","type":"image\/jpeg"}],"author":"Miguel Carret\u00f3n","twitter_card":"summary_large_image","twitter_misc":{"Escrit per":"Miguel Carret\u00f3n","Temps estimat de lectura":"1 minut"},"schema":{"@context":"https:\/\/schema.org","@graph":[{"@type":"WebPage","@id":"https:\/\/menorcalplat.com\/joventut\/menorca-al-plat-de-la-joventut-a-la-revista-somiatruites\/","url":"https:\/\/menorcalplat.com\/joventut\/menorca-al-plat-de-la-joventut-a-la-revista-somiatruites\/","name":"Menorca al Plat de la Joventut a la revista Somiatruites - Menorca al plat","isPartOf":{"@id":"https:\/\/menorcalplat.com\/joventut\/es\/#website"},"primaryImageOfPage":{"@id":"https:\/\/menorcalplat.com\/joventut\/menorca-al-plat-de-la-joventut-a-la-revista-somiatruites\/#primaryimage"},"image":{"@id":"https:\/\/menorcalplat.com\/joventut\/menorca-al-plat-de-la-joventut-a-la-revista-somiatruites\/#primaryimage"},"thumbnailUrl":"https:\/\/menorcalplat.com\/joventut\/wp-content\/uploads\/2020\/11\/somiatruites-menorca-al-plat-joventut-1.jpg","datePublished":"2020-11-24T11:31:44+00:00","dateModified":"2020-11-24T14:53:33+00:00","author":{"@id":"https:\/\/menorcalplat.com\/joventut\/es\/#\/schema\/person\/352b2b067941f8068928b45adc30eac4"},"inLanguage":"ca","potentialAction":[{"@type":"ReadAction","target":["https:\/\/menorcalplat.com\/joventut\/menorca-al-plat-de-la-joventut-a-la-revista-somiatruites\/"]}]},{"@type":"ImageObject","inLanguage":"ca","@id":"https:\/\/menorcalplat.com\/joventut\/menorca-al-plat-de-la-joventut-a-la-revista-somiatruites\/#primaryimage","url":"https:\/\/menorcalplat.com\/joventut\/wp-content\/uploads\/2020\/11\/somiatruites-menorca-al-plat-joventut-1.jpg","contentUrl":"https:\/\/menorcalplat.com\/joventut\/wp-content\/uploads\/2020\/11\/somiatruites-menorca-al-plat-joventut-1.jpg","width":1738,"height":1303,"caption":"Somiatruites-menorca-al-plat-joventut"},{"@type":"WebSite","@id":"https:\/\/menorcalplat.com\/joventut\/es\/#website","url":"https:\/\/menorcalplat.com\/joventut\/es\/","name":"Menorca al plat","description":"de la joventut","potentialAction":[{"@type":"SearchAction","target":{"@type":"EntryPoint","urlTemplate":"https:\/\/menorcalplat.com\/joventut\/es\/?s={search_term_string}"},"query-input":{"@type":"PropertyValueSpecification","valueRequired":true,"valueName":"search_term_string"}}],"inLanguage":"ca"},{"@type":"Person","@id":"https:\/\/menorcalplat.com\/joventut\/es\/#\/schema\/person\/352b2b067941f8068928b45adc30eac4","name":"Miguel Carret\u00f3n"}]}},"_links":{"self":[{"href":"https:\/\/menorcalplat.com\/joventut\/wp-json\/wp\/v2\/posts\/760"}],"collection":[{"href":"https:\/\/menorcalplat.com\/joventut\/wp-json\/wp\/v2\/posts"}],"about":[{"href":"https:\/\/menorcalplat.com\/joventut\/wp-json\/wp\/v2\/types\/post"}],"author":[{"embeddable":true,"href":"https:\/\/menorcalplat.com\/joventut\/wp-json\/wp\/v2\/users\/2"}],"replies":[{"embeddable":true,"href":"https:\/\/menorcalplat.com\/joventut\/wp-json\/wp\/v2\/comments?post=760"}],"version-history":[{"count":3,"href":"https:\/\/menorcalplat.com\/joventut\/wp-json\/wp\/v2\/posts\/760\/revisions"}],"predecessor-version":[{"id":770,"href":"https:\/\/menorcalplat.com\/joventut\/wp-json\/wp\/v2\/posts\/760\/revisions\/770"}],"wp:featuredmedia":[{"embeddable":true,"href":"https:\/\/menorcalplat.com\/joventut\/wp-json\/wp\/v2\/media\/767"}],"wp:attachment":[{"href":"https:\/\/menorcalplat.com\/joventut\/wp-json\/wp\/v2\/media?parent=760"}],"wp:term":[{"taxonomy":"category","embeddable":true,"href":"https:\/\/menorcalplat.com\/joventut\/wp-json\/wp\/v2\/categories?post=760"},{"taxonomy":"post_tag","embeddable":true,"href":"https:\/\/menorcalplat.com\/joventut\/wp-json\/wp\/v2\/tags?post=760"}],"curies":[{"name":"wp","href":"https:\/\/api.w.org\/{rel}","templated":true}]}}