{"id":1491,"date":"2022-02-04T11:57:30","date_gmt":"2022-02-04T10:57:30","guid":{"rendered":"https:\/\/menorcalplat.com\/joventut\/?p=1491"},"modified":"2022-02-04T11:59:58","modified_gmt":"2022-02-04T10:59:58","slug":"romanesco-local-ecologic-i-fora-de-serie-per-a-esportistes","status":"publish","type":"post","link":"https:\/\/menorcalplat.com\/joventut\/romanesco-local-ecologic-i-fora-de-serie-per-a-esportistes\/","title":{"rendered":"Romanesco local, ecol\u00f2gic i Fora de s\u00e8rie per a esportistes!"},"content":{"rendered":"\n<p>En el marc del projecte Menorca al Plat de la Joventut i en col\u00b7laboraci\u00f3 amb el programa Integrasport &#8211; Posem valors a l\u2019Esport del Servei d\u2019Esports del Consell Insular de Menorca, realitzam tallers en els clubs esportius per fomentar una dieta saludable i sostenible.<\/p>\n\n\n\n<p>La setmana passada, els equips \u201cminis\u201d de b\u00e0squet del club esportiu de Sant Llu\u00eds van rebre la visita den Sergio, el pag\u00e8s de la <a href=\"https:\/\/www.facebook.com\/EcologicSantoDomingo\/\" target=\"_blank\" rel=\"noreferrer noopener\">finca Santo Domingo<\/a>, que va arribar carregat de romanescos ecol\u00f2gics (i gegants!), per entregar-ne un a cada esportista.<br><\/p>\n\n\n\n<p>Aquest tipus d\u2019accions, a m\u00e9s de complir amb l\u2019objectiu de promocionar els h\u00e0bits alimentaris saludables i d\u2019apropar el jovent al camp de Menorca, contribueixen a donar resposta davant el gran excedent alimentari que puntualment es d\u00f3na a l\u2019illa i a evitar les p\u00e8rdues i el malbaratament d\u2019aliments.<br><\/p>\n\n\n\n<p>Aix\u00ed mateix, la intervenci\u00f3 es va aprofitar per fer arribar a les fam\u00edlies un full descriptiu del romanesco, que inclo\u00efa diverses propostes culin\u00e0ries, per treure-li el m\u00e0xim profit, i una reflexi\u00f3 sobre l\u2019actual model alimentari.<br><\/p>\n\n\n\n<p>I vosaltres, n\u2019heu menjat mai de romanesco? El podeu provar de fer bullit i trempat amb oli d\u2019oliva verge; o al forn, gratinat amb formatge de Menorca; tamb\u00e9 en forma de crema amb un poc de patata i roman\u00ed, o saltejat amb allet i un ou pox\u00e9, i fins i tot en forma de past\u00eds, de quiche i de raoles. Est\u00e0 bon\u00edssim&#8230; bon profit!<\/p>\n","protected":false},"excerpt":{"rendered":"<p>En el marc del projecte Menorca al Plat de la Joventut i en col\u00b7laboraci\u00f3 amb el programa Integrasport &#8211; Posem valors a l\u2019Esport del Servei d\u2019Esports del Consell Insular de Menorca, realitzam tallers en els clubs esportius per fomentar una dieta saludable i sostenible. La setmana passada, els equips \u201cminis\u201d de b\u00e0squet del club esportiu&hellip;<\/p>\n","protected":false},"author":2,"featured_media":1492,"comment_status":"closed","ping_status":"closed","sticky":false,"template":"","format":"standard","meta":{"_acf_changed":false,"footnotes":""},"categories":[12,8],"tags":[],"class_list":["post-1491","post","type-post","status-publish","format-standard","has-post-thumbnail","hentry","category-sant-lluis","category-verdura"],"acf":[],"yoast_head":"<!-- This site is optimized with the Yoast SEO plugin v23.6 - https:\/\/yoast.com\/wordpress\/plugins\/seo\/ -->\n<title>Romanesco local, ecol\u00f2gic i Fora de s\u00e8rie per a esportistes! - Menorca al plat<\/title>\n<meta name=\"robots\" content=\"index, follow, max-snippet:-1, max-image-preview:large, max-video-preview:-1\" \/>\n<link rel=\"canonical\" href=\"https:\/\/menorcalplat.com\/joventut\/romanesco-local-ecologic-i-fora-de-serie-per-a-esportistes\/\" \/>\n<meta property=\"og:locale\" content=\"ca_ES\" \/>\n<meta property=\"og:type\" content=\"article\" \/>\n<meta property=\"og:title\" content=\"Romanesco local, ecol\u00f2gic i Fora de s\u00e8rie per a esportistes! - Menorca al plat\" \/>\n<meta property=\"og:description\" content=\"En el marc del projecte Menorca al Plat de la Joventut i en col\u00b7laboraci\u00f3 amb el programa Integrasport &#8211; Posem valors a l\u2019Esport del Servei d\u2019Esports del Consell Insular de Menorca, realitzam tallers en els clubs esportius per fomentar una dieta saludable i sostenible. La setmana passada, els equips \u201cminis\u201d de b\u00e0squet del club esportiu&hellip;\" \/>\n<meta property=\"og:url\" content=\"https:\/\/menorcalplat.com\/joventut\/romanesco-local-ecologic-i-fora-de-serie-per-a-esportistes\/\" \/>\n<meta property=\"og:site_name\" content=\"Menorca al plat\" \/>\n<meta property=\"article:published_time\" content=\"2022-02-04T10:57:30+00:00\" \/>\n<meta property=\"article:modified_time\" content=\"2022-02-04T10:59:58+00:00\" \/>\n<meta property=\"og:image\" content=\"https:\/\/menorcalplat.com\/joventut\/wp-content\/uploads\/2022\/02\/romanesco-ecologic-menorca-al-plat.jpg\" \/>\n\t<meta property=\"og:image:width\" content=\"1600\" \/>\n\t<meta property=\"og:image:height\" content=\"1036\" \/>\n\t<meta property=\"og:image:type\" content=\"image\/jpeg\" \/>\n<meta name=\"author\" content=\"Miguel Carret\u00f3n\" \/>\n<meta name=\"twitter:card\" content=\"summary_large_image\" \/>\n<meta name=\"twitter:label1\" content=\"Escrit per\" \/>\n\t<meta name=\"twitter:data1\" content=\"Miguel Carret\u00f3n\" \/>\n\t<meta name=\"twitter:label2\" content=\"Temps estimat de lectura\" \/>\n\t<meta name=\"twitter:data2\" content=\"2 minuts\" \/>\n<script type=\"application\/ld+json\" class=\"yoast-schema-graph\">{\"@context\":\"https:\/\/schema.org\",\"@graph\":[{\"@type\":\"WebPage\",\"@id\":\"https:\/\/menorcalplat.com\/joventut\/romanesco-local-ecologic-i-fora-de-serie-per-a-esportistes\/\",\"url\":\"https:\/\/menorcalplat.com\/joventut\/romanesco-local-ecologic-i-fora-de-serie-per-a-esportistes\/\",\"name\":\"Romanesco local, ecol\u00f2gic i Fora de s\u00e8rie per a esportistes! - Menorca al plat\",\"isPartOf\":{\"@id\":\"https:\/\/menorcalplat.com\/joventut\/es\/#website\"},\"primaryImageOfPage\":{\"@id\":\"https:\/\/menorcalplat.com\/joventut\/romanesco-local-ecologic-i-fora-de-serie-per-a-esportistes\/#primaryimage\"},\"image\":{\"@id\":\"https:\/\/menorcalplat.com\/joventut\/romanesco-local-ecologic-i-fora-de-serie-per-a-esportistes\/#primaryimage\"},\"thumbnailUrl\":\"https:\/\/menorcalplat.com\/joventut\/wp-content\/uploads\/2022\/02\/romanesco-ecologic-menorca-al-plat.jpg\",\"datePublished\":\"2022-02-04T10:57:30+00:00\",\"dateModified\":\"2022-02-04T10:59:58+00:00\",\"author\":{\"@id\":\"https:\/\/menorcalplat.com\/joventut\/es\/#\/schema\/person\/352b2b067941f8068928b45adc30eac4\"},\"inLanguage\":\"ca\",\"potentialAction\":[{\"@type\":\"ReadAction\",\"target\":[\"https:\/\/menorcalplat.com\/joventut\/romanesco-local-ecologic-i-fora-de-serie-per-a-esportistes\/\"]}]},{\"@type\":\"ImageObject\",\"inLanguage\":\"ca\",\"@id\":\"https:\/\/menorcalplat.com\/joventut\/romanesco-local-ecologic-i-fora-de-serie-per-a-esportistes\/#primaryimage\",\"url\":\"https:\/\/menorcalplat.com\/joventut\/wp-content\/uploads\/2022\/02\/romanesco-ecologic-menorca-al-plat.jpg\",\"contentUrl\":\"https:\/\/menorcalplat.com\/joventut\/wp-content\/uploads\/2022\/02\/romanesco-ecologic-menorca-al-plat.jpg\",\"width\":1600,\"height\":1036,\"caption\":\"Romanesco-ecologic-menorca-al-plat\"},{\"@type\":\"WebSite\",\"@id\":\"https:\/\/menorcalplat.com\/joventut\/es\/#website\",\"url\":\"https:\/\/menorcalplat.com\/joventut\/es\/\",\"name\":\"Menorca al plat\",\"description\":\"de la joventut\",\"potentialAction\":[{\"@type\":\"SearchAction\",\"target\":{\"@type\":\"EntryPoint\",\"urlTemplate\":\"https:\/\/menorcalplat.com\/joventut\/es\/?s={search_term_string}\"},\"query-input\":{\"@type\":\"PropertyValueSpecification\",\"valueRequired\":true,\"valueName\":\"search_term_string\"}}],\"inLanguage\":\"ca\"},{\"@type\":\"Person\",\"@id\":\"https:\/\/menorcalplat.com\/joventut\/es\/#\/schema\/person\/352b2b067941f8068928b45adc30eac4\",\"name\":\"Miguel Carret\u00f3n\"}]}<\/script>\n<!-- \/ Yoast SEO plugin. -->","yoast_head_json":{"title":"Romanesco local, ecol\u00f2gic i Fora de s\u00e8rie per a esportistes! - Menorca al plat","robots":{"index":"index","follow":"follow","max-snippet":"max-snippet:-1","max-image-preview":"max-image-preview:large","max-video-preview":"max-video-preview:-1"},"canonical":"https:\/\/menorcalplat.com\/joventut\/romanesco-local-ecologic-i-fora-de-serie-per-a-esportistes\/","og_locale":"ca_ES","og_type":"article","og_title":"Romanesco local, ecol\u00f2gic i Fora de s\u00e8rie per a esportistes! - Menorca al plat","og_description":"En el marc del projecte Menorca al Plat de la Joventut i en col\u00b7laboraci\u00f3 amb el programa Integrasport &#8211; Posem valors a l\u2019Esport del Servei d\u2019Esports del Consell Insular de Menorca, realitzam tallers en els clubs esportius per fomentar una dieta saludable i sostenible. La setmana passada, els equips \u201cminis\u201d de b\u00e0squet del club esportiu&hellip;","og_url":"https:\/\/menorcalplat.com\/joventut\/romanesco-local-ecologic-i-fora-de-serie-per-a-esportistes\/","og_site_name":"Menorca al plat","article_published_time":"2022-02-04T10:57:30+00:00","article_modified_time":"2022-02-04T10:59:58+00:00","og_image":[{"width":1600,"height":1036,"url":"https:\/\/menorcalplat.com\/joventut\/wp-content\/uploads\/2022\/02\/romanesco-ecologic-menorca-al-plat.jpg","type":"image\/jpeg"}],"author":"Miguel Carret\u00f3n","twitter_card":"summary_large_image","twitter_misc":{"Escrit per":"Miguel Carret\u00f3n","Temps estimat de lectura":"2 minuts"},"schema":{"@context":"https:\/\/schema.org","@graph":[{"@type":"WebPage","@id":"https:\/\/menorcalplat.com\/joventut\/romanesco-local-ecologic-i-fora-de-serie-per-a-esportistes\/","url":"https:\/\/menorcalplat.com\/joventut\/romanesco-local-ecologic-i-fora-de-serie-per-a-esportistes\/","name":"Romanesco local, ecol\u00f2gic i Fora de s\u00e8rie per a esportistes! - Menorca al plat","isPartOf":{"@id":"https:\/\/menorcalplat.com\/joventut\/es\/#website"},"primaryImageOfPage":{"@id":"https:\/\/menorcalplat.com\/joventut\/romanesco-local-ecologic-i-fora-de-serie-per-a-esportistes\/#primaryimage"},"image":{"@id":"https:\/\/menorcalplat.com\/joventut\/romanesco-local-ecologic-i-fora-de-serie-per-a-esportistes\/#primaryimage"},"thumbnailUrl":"https:\/\/menorcalplat.com\/joventut\/wp-content\/uploads\/2022\/02\/romanesco-ecologic-menorca-al-plat.jpg","datePublished":"2022-02-04T10:57:30+00:00","dateModified":"2022-02-04T10:59:58+00:00","author":{"@id":"https:\/\/menorcalplat.com\/joventut\/es\/#\/schema\/person\/352b2b067941f8068928b45adc30eac4"},"inLanguage":"ca","potentialAction":[{"@type":"ReadAction","target":["https:\/\/menorcalplat.com\/joventut\/romanesco-local-ecologic-i-fora-de-serie-per-a-esportistes\/"]}]},{"@type":"ImageObject","inLanguage":"ca","@id":"https:\/\/menorcalplat.com\/joventut\/romanesco-local-ecologic-i-fora-de-serie-per-a-esportistes\/#primaryimage","url":"https:\/\/menorcalplat.com\/joventut\/wp-content\/uploads\/2022\/02\/romanesco-ecologic-menorca-al-plat.jpg","contentUrl":"https:\/\/menorcalplat.com\/joventut\/wp-content\/uploads\/2022\/02\/romanesco-ecologic-menorca-al-plat.jpg","width":1600,"height":1036,"caption":"Romanesco-ecologic-menorca-al-plat"},{"@type":"WebSite","@id":"https:\/\/menorcalplat.com\/joventut\/es\/#website","url":"https:\/\/menorcalplat.com\/joventut\/es\/","name":"Menorca al plat","description":"de la joventut","potentialAction":[{"@type":"SearchAction","target":{"@type":"EntryPoint","urlTemplate":"https:\/\/menorcalplat.com\/joventut\/es\/?s={search_term_string}"},"query-input":{"@type":"PropertyValueSpecification","valueRequired":true,"valueName":"search_term_string"}}],"inLanguage":"ca"},{"@type":"Person","@id":"https:\/\/menorcalplat.com\/joventut\/es\/#\/schema\/person\/352b2b067941f8068928b45adc30eac4","name":"Miguel Carret\u00f3n"}]}},"_links":{"self":[{"href":"https:\/\/menorcalplat.com\/joventut\/wp-json\/wp\/v2\/posts\/1491"}],"collection":[{"href":"https:\/\/menorcalplat.com\/joventut\/wp-json\/wp\/v2\/posts"}],"about":[{"href":"https:\/\/menorcalplat.com\/joventut\/wp-json\/wp\/v2\/types\/post"}],"author":[{"embeddable":true,"href":"https:\/\/menorcalplat.com\/joventut\/wp-json\/wp\/v2\/users\/2"}],"replies":[{"embeddable":true,"href":"https:\/\/menorcalplat.com\/joventut\/wp-json\/wp\/v2\/comments?post=1491"}],"version-history":[{"count":2,"href":"https:\/\/menorcalplat.com\/joventut\/wp-json\/wp\/v2\/posts\/1491\/revisions"}],"predecessor-version":[{"id":1496,"href":"https:\/\/menorcalplat.com\/joventut\/wp-json\/wp\/v2\/posts\/1491\/revisions\/1496"}],"wp:featuredmedia":[{"embeddable":true,"href":"https:\/\/menorcalplat.com\/joventut\/wp-json\/wp\/v2\/media\/1492"}],"wp:attachment":[{"href":"https:\/\/menorcalplat.com\/joventut\/wp-json\/wp\/v2\/media?parent=1491"}],"wp:term":[{"taxonomy":"category","embeddable":true,"href":"https:\/\/menorcalplat.com\/joventut\/wp-json\/wp\/v2\/categories?post=1491"},{"taxonomy":"post_tag","embeddable":true,"href":"https:\/\/menorcalplat.com\/joventut\/wp-json\/wp\/v2\/tags?post=1491"}],"curies":[{"name":"wp","href":"https:\/\/api.w.org\/{rel}","templated":true}]}}