{"id":1481,"date":"2021-12-30T09:27:15","date_gmt":"2021-12-30T08:27:15","guid":{"rendered":"https:\/\/menorcalplat.com\/joventut\/?p=1481"},"modified":"2021-12-30T09:27:17","modified_gmt":"2021-12-30T08:27:17","slug":"enguany-el-pare-noel-arriba-amb-fruita-als-clubs-esportius","status":"publish","type":"post","link":"https:\/\/menorcalplat.com\/joventut\/enguany-el-pare-noel-arriba-amb-fruita-als-clubs-esportius\/","title":{"rendered":"Enguany, el Pare Noel arriba amb fruita als clubs esportius"},"content":{"rendered":"\n<p>Diversos clubs esportius han celebrat el final del primer trimestre de la temporada esportiva amb jornades familiars, exhibicions i partits amistosos. Enguany, com a novetat, han rebut el Pare Noel en la seva versi\u00f3 m\u00e9s saludable i sostenible: carregat de talaquets de tela plens de fruita fresca, local i de temporada.<\/p>\n\n\n\n<p>Al llarg del primer trimestre de la temporada esportiva, trenta de clubs adherits al programa <em>Integrasport Posem Valors a l\u2019Esport<\/em> del Servei d\u2019Esports del Consell Insular de Menorca han participat dels tallers d\u2019H\u00e0bits Alimentaris Saludables i Sostenibles del projecte <em>Menorca al Plat de la Joventut<\/em> de l\u2019Associaci\u00f3 Leader Menorca. Aquests tallers inclouen activitats de berenetes saludables a peu de pista, xerrades amb fam\u00edlies sobre alimentaci\u00f3 en edat escolar i entrenaments en finques de cultiu per compartir una estona de feina amb pageses i pagesos de la nostra illa.<\/p>\n\n\n\n<p>Per donar la benvinguda a les festes de Nadal, els clubs de patinatge i b\u00e0squet de Ferreries i Es Castell, el club de ciclisme Es Port i de futbol Dosa, ambd\u00f3s de Ciutadella, i els club de patinatge de Ma\u00f3 i Sant Llu\u00eds, han rebut la visita, com cada any, del Pare Noel, amb la novetat de que enguany ha vingut carregat, no de llaminadures, sin\u00f3 de fruita fresca i deshidratada, local i de temporada.<\/p>\n","protected":false},"excerpt":{"rendered":"<p>Diversos clubs esportius han celebrat el final del primer trimestre de la temporada esportiva amb jornades familiars, exhibicions i partits amistosos. Enguany, com a novetat, han rebut el Pare Noel en la seva versi\u00f3 m\u00e9s saludable i sostenible: carregat de talaquets de tela plens de fruita fresca, local i de temporada. Al llarg del primer&hellip;<\/p>\n","protected":false},"author":2,"featured_media":1482,"comment_status":"closed","ping_status":"closed","sticky":false,"template":"","format":"standard","meta":{"_acf_changed":false,"footnotes":""},"categories":[1],"tags":[],"class_list":["post-1481","post","type-post","status-publish","format-standard","has-post-thumbnail","hentry","category-sense-categoria"],"acf":[],"yoast_head":"<!-- This site is optimized with the Yoast SEO plugin v23.6 - https:\/\/yoast.com\/wordpress\/plugins\/seo\/ -->\n<title>Enguany, el Pare Noel arriba amb fruita als clubs esportius - Menorca al plat<\/title>\n<meta name=\"robots\" content=\"index, follow, max-snippet:-1, max-image-preview:large, max-video-preview:-1\" \/>\n<link rel=\"canonical\" href=\"https:\/\/menorcalplat.com\/joventut\/enguany-el-pare-noel-arriba-amb-fruita-als-clubs-esportius\/\" \/>\n<meta property=\"og:locale\" content=\"ca_ES\" \/>\n<meta property=\"og:type\" content=\"article\" \/>\n<meta property=\"og:title\" content=\"Enguany, el Pare Noel arriba amb fruita als clubs esportius - Menorca al plat\" \/>\n<meta property=\"og:description\" content=\"Diversos clubs esportius han celebrat el final del primer trimestre de la temporada esportiva amb jornades familiars, exhibicions i partits amistosos. Enguany, com a novetat, han rebut el Pare Noel en la seva versi\u00f3 m\u00e9s saludable i sostenible: carregat de talaquets de tela plens de fruita fresca, local i de temporada. Al llarg del primer&hellip;\" \/>\n<meta property=\"og:url\" content=\"https:\/\/menorcalplat.com\/joventut\/enguany-el-pare-noel-arriba-amb-fruita-als-clubs-esportius\/\" \/>\n<meta property=\"og:site_name\" content=\"Menorca al plat\" \/>\n<meta property=\"article:published_time\" content=\"2021-12-30T08:27:15+00:00\" \/>\n<meta property=\"article:modified_time\" content=\"2021-12-30T08:27:17+00:00\" \/>\n<meta property=\"og:image\" content=\"https:\/\/menorcalplat.com\/joventut\/wp-content\/uploads\/2021\/12\/pare-noel-fruita-menorca-al-plat.jpg\" \/>\n\t<meta property=\"og:image:width\" content=\"1600\" \/>\n\t<meta property=\"og:image:height\" content=\"1036\" \/>\n\t<meta property=\"og:image:type\" content=\"image\/jpeg\" \/>\n<meta name=\"author\" content=\"Miguel Carret\u00f3n\" \/>\n<meta name=\"twitter:card\" content=\"summary_large_image\" \/>\n<meta name=\"twitter:label1\" content=\"Escrit per\" \/>\n\t<meta name=\"twitter:data1\" content=\"Miguel Carret\u00f3n\" \/>\n\t<meta name=\"twitter:label2\" content=\"Temps estimat de lectura\" \/>\n\t<meta name=\"twitter:data2\" content=\"2 minuts\" \/>\n<script type=\"application\/ld+json\" class=\"yoast-schema-graph\">{\"@context\":\"https:\/\/schema.org\",\"@graph\":[{\"@type\":\"WebPage\",\"@id\":\"https:\/\/menorcalplat.com\/joventut\/enguany-el-pare-noel-arriba-amb-fruita-als-clubs-esportius\/\",\"url\":\"https:\/\/menorcalplat.com\/joventut\/enguany-el-pare-noel-arriba-amb-fruita-als-clubs-esportius\/\",\"name\":\"Enguany, el Pare Noel arriba amb fruita als clubs esportius - Menorca al plat\",\"isPartOf\":{\"@id\":\"https:\/\/menorcalplat.com\/joventut\/es\/#website\"},\"primaryImageOfPage\":{\"@id\":\"https:\/\/menorcalplat.com\/joventut\/enguany-el-pare-noel-arriba-amb-fruita-als-clubs-esportius\/#primaryimage\"},\"image\":{\"@id\":\"https:\/\/menorcalplat.com\/joventut\/enguany-el-pare-noel-arriba-amb-fruita-als-clubs-esportius\/#primaryimage\"},\"thumbnailUrl\":\"https:\/\/menorcalplat.com\/joventut\/wp-content\/uploads\/2021\/12\/pare-noel-fruita-menorca-al-plat.jpg\",\"datePublished\":\"2021-12-30T08:27:15+00:00\",\"dateModified\":\"2021-12-30T08:27:17+00:00\",\"author\":{\"@id\":\"https:\/\/menorcalplat.com\/joventut\/es\/#\/schema\/person\/352b2b067941f8068928b45adc30eac4\"},\"inLanguage\":\"ca\",\"potentialAction\":[{\"@type\":\"ReadAction\",\"target\":[\"https:\/\/menorcalplat.com\/joventut\/enguany-el-pare-noel-arriba-amb-fruita-als-clubs-esportius\/\"]}]},{\"@type\":\"ImageObject\",\"inLanguage\":\"ca\",\"@id\":\"https:\/\/menorcalplat.com\/joventut\/enguany-el-pare-noel-arriba-amb-fruita-als-clubs-esportius\/#primaryimage\",\"url\":\"https:\/\/menorcalplat.com\/joventut\/wp-content\/uploads\/2021\/12\/pare-noel-fruita-menorca-al-plat.jpg\",\"contentUrl\":\"https:\/\/menorcalplat.com\/joventut\/wp-content\/uploads\/2021\/12\/pare-noel-fruita-menorca-al-plat.jpg\",\"width\":1600,\"height\":1036,\"caption\":\"pare-noel-fruita-menorca-al-plat\"},{\"@type\":\"WebSite\",\"@id\":\"https:\/\/menorcalplat.com\/joventut\/es\/#website\",\"url\":\"https:\/\/menorcalplat.com\/joventut\/es\/\",\"name\":\"Menorca al plat\",\"description\":\"de la joventut\",\"potentialAction\":[{\"@type\":\"SearchAction\",\"target\":{\"@type\":\"EntryPoint\",\"urlTemplate\":\"https:\/\/menorcalplat.com\/joventut\/es\/?s={search_term_string}\"},\"query-input\":{\"@type\":\"PropertyValueSpecification\",\"valueRequired\":true,\"valueName\":\"search_term_string\"}}],\"inLanguage\":\"ca\"},{\"@type\":\"Person\",\"@id\":\"https:\/\/menorcalplat.com\/joventut\/es\/#\/schema\/person\/352b2b067941f8068928b45adc30eac4\",\"name\":\"Miguel Carret\u00f3n\"}]}<\/script>\n<!-- \/ Yoast SEO plugin. -->","yoast_head_json":{"title":"Enguany, el Pare Noel arriba amb fruita als clubs esportius - Menorca al plat","robots":{"index":"index","follow":"follow","max-snippet":"max-snippet:-1","max-image-preview":"max-image-preview:large","max-video-preview":"max-video-preview:-1"},"canonical":"https:\/\/menorcalplat.com\/joventut\/enguany-el-pare-noel-arriba-amb-fruita-als-clubs-esportius\/","og_locale":"ca_ES","og_type":"article","og_title":"Enguany, el Pare Noel arriba amb fruita als clubs esportius - Menorca al plat","og_description":"Diversos clubs esportius han celebrat el final del primer trimestre de la temporada esportiva amb jornades familiars, exhibicions i partits amistosos. Enguany, com a novetat, han rebut el Pare Noel en la seva versi\u00f3 m\u00e9s saludable i sostenible: carregat de talaquets de tela plens de fruita fresca, local i de temporada. Al llarg del primer&hellip;","og_url":"https:\/\/menorcalplat.com\/joventut\/enguany-el-pare-noel-arriba-amb-fruita-als-clubs-esportius\/","og_site_name":"Menorca al plat","article_published_time":"2021-12-30T08:27:15+00:00","article_modified_time":"2021-12-30T08:27:17+00:00","og_image":[{"width":1600,"height":1036,"url":"https:\/\/menorcalplat.com\/joventut\/wp-content\/uploads\/2021\/12\/pare-noel-fruita-menorca-al-plat.jpg","type":"image\/jpeg"}],"author":"Miguel Carret\u00f3n","twitter_card":"summary_large_image","twitter_misc":{"Escrit per":"Miguel Carret\u00f3n","Temps estimat de lectura":"2 minuts"},"schema":{"@context":"https:\/\/schema.org","@graph":[{"@type":"WebPage","@id":"https:\/\/menorcalplat.com\/joventut\/enguany-el-pare-noel-arriba-amb-fruita-als-clubs-esportius\/","url":"https:\/\/menorcalplat.com\/joventut\/enguany-el-pare-noel-arriba-amb-fruita-als-clubs-esportius\/","name":"Enguany, el Pare Noel arriba amb fruita als clubs esportius - Menorca al plat","isPartOf":{"@id":"https:\/\/menorcalplat.com\/joventut\/es\/#website"},"primaryImageOfPage":{"@id":"https:\/\/menorcalplat.com\/joventut\/enguany-el-pare-noel-arriba-amb-fruita-als-clubs-esportius\/#primaryimage"},"image":{"@id":"https:\/\/menorcalplat.com\/joventut\/enguany-el-pare-noel-arriba-amb-fruita-als-clubs-esportius\/#primaryimage"},"thumbnailUrl":"https:\/\/menorcalplat.com\/joventut\/wp-content\/uploads\/2021\/12\/pare-noel-fruita-menorca-al-plat.jpg","datePublished":"2021-12-30T08:27:15+00:00","dateModified":"2021-12-30T08:27:17+00:00","author":{"@id":"https:\/\/menorcalplat.com\/joventut\/es\/#\/schema\/person\/352b2b067941f8068928b45adc30eac4"},"inLanguage":"ca","potentialAction":[{"@type":"ReadAction","target":["https:\/\/menorcalplat.com\/joventut\/enguany-el-pare-noel-arriba-amb-fruita-als-clubs-esportius\/"]}]},{"@type":"ImageObject","inLanguage":"ca","@id":"https:\/\/menorcalplat.com\/joventut\/enguany-el-pare-noel-arriba-amb-fruita-als-clubs-esportius\/#primaryimage","url":"https:\/\/menorcalplat.com\/joventut\/wp-content\/uploads\/2021\/12\/pare-noel-fruita-menorca-al-plat.jpg","contentUrl":"https:\/\/menorcalplat.com\/joventut\/wp-content\/uploads\/2021\/12\/pare-noel-fruita-menorca-al-plat.jpg","width":1600,"height":1036,"caption":"pare-noel-fruita-menorca-al-plat"},{"@type":"WebSite","@id":"https:\/\/menorcalplat.com\/joventut\/es\/#website","url":"https:\/\/menorcalplat.com\/joventut\/es\/","name":"Menorca al plat","description":"de la joventut","potentialAction":[{"@type":"SearchAction","target":{"@type":"EntryPoint","urlTemplate":"https:\/\/menorcalplat.com\/joventut\/es\/?s={search_term_string}"},"query-input":{"@type":"PropertyValueSpecification","valueRequired":true,"valueName":"search_term_string"}}],"inLanguage":"ca"},{"@type":"Person","@id":"https:\/\/menorcalplat.com\/joventut\/es\/#\/schema\/person\/352b2b067941f8068928b45adc30eac4","name":"Miguel Carret\u00f3n"}]}},"_links":{"self":[{"href":"https:\/\/menorcalplat.com\/joventut\/wp-json\/wp\/v2\/posts\/1481"}],"collection":[{"href":"https:\/\/menorcalplat.com\/joventut\/wp-json\/wp\/v2\/posts"}],"about":[{"href":"https:\/\/menorcalplat.com\/joventut\/wp-json\/wp\/v2\/types\/post"}],"author":[{"embeddable":true,"href":"https:\/\/menorcalplat.com\/joventut\/wp-json\/wp\/v2\/users\/2"}],"replies":[{"embeddable":true,"href":"https:\/\/menorcalplat.com\/joventut\/wp-json\/wp\/v2\/comments?post=1481"}],"version-history":[{"count":1,"href":"https:\/\/menorcalplat.com\/joventut\/wp-json\/wp\/v2\/posts\/1481\/revisions"}],"predecessor-version":[{"id":1484,"href":"https:\/\/menorcalplat.com\/joventut\/wp-json\/wp\/v2\/posts\/1481\/revisions\/1484"}],"wp:featuredmedia":[{"embeddable":true,"href":"https:\/\/menorcalplat.com\/joventut\/wp-json\/wp\/v2\/media\/1482"}],"wp:attachment":[{"href":"https:\/\/menorcalplat.com\/joventut\/wp-json\/wp\/v2\/media?parent=1481"}],"wp:term":[{"taxonomy":"category","embeddable":true,"href":"https:\/\/menorcalplat.com\/joventut\/wp-json\/wp\/v2\/categories?post=1481"},{"taxonomy":"post_tag","embeddable":true,"href":"https:\/\/menorcalplat.com\/joventut\/wp-json\/wp\/v2\/tags?post=1481"}],"curies":[{"name":"wp","href":"https:\/\/api.w.org\/{rel}","templated":true}]}}