{"id":1477,"date":"2021-12-30T09:18:07","date_gmt":"2021-12-30T08:18:07","guid":{"rendered":"https:\/\/menorcalplat.com\/joventut\/?p=1477"},"modified":"2021-12-30T09:18:09","modified_gmt":"2021-12-30T08:18:09","slug":"el-c-f-dosa-de-ciutadella-reflexiona-sobre-el-seu-paper-entorn-lalimentacio-saludable-i-sostenible","status":"publish","type":"post","link":"https:\/\/menorcalplat.com\/joventut\/el-c-f-dosa-de-ciutadella-reflexiona-sobre-el-seu-paper-entorn-lalimentacio-saludable-i-sostenible\/","title":{"rendered":"El C.F. Dosa de Ciutadella reflexiona sobre el seu paper entorn l\u2019alimentaci\u00f3 saludable i sostenible"},"content":{"rendered":"\n<p>El dia 22 de desembre, esportistes joves del Club de Futbol Dosa, juntament amb els seus t\u00e8cnics i les seves fam\u00edlies, es van reunir al camp per compartir algunes reflexions sobre l\u2019alimentaci\u00f3 actual. Ja \u00e9s tradici\u00f3 que aquest club posi final al primer trimestre de la temporada esportiva amb una jornada familiar. Enguany, com a novetat, el club va complementar els actes esportius amb un seguit d\u2019activitats vinculades a l\u2019alimentaci\u00f3 saludable i sostenible.<\/p>\n\n\n\n<p>La jornada comen\u00e7ava a primera hora del capvespre, amb una activitat poc usual, per\u00f2 molt productiva: l\u2019equip alev\u00ed del club pujava en un autob\u00fas en direcci\u00f3 a Cap d\u2019Artrutx, per aturar-se a Parella Vella, una finca de producci\u00f3 d\u2019aliments d\u2019horta amb certificaci\u00f3 ecol\u00f2gica, on treballen els germans Bosch, en Dani i n\u2019Isaac. El prop\u00f2sit de la visita era doble: con\u00e8ixer de primera m\u00e0 la feina al camp, i donar un cop d\u2019ajuda als pagesos. Aquell capvespre, el camp demanava collir monyacos; i aix\u00ed es va fer. Les i els esportistes, acompanyats per l\u2019equip t\u00e8cnic, seguint les instruccions d\u2019en Dani i n\u2019Isaac, van tenir la tanca neta en poc m\u00e9s d\u2019una hora.<\/p>\n\n\n\n<p>A mig capvespre, el camp de futbol va acollir una exposici\u00f3 de cartells sobre alimentaci\u00f3 saludable i sostenible en l\u2019entorn esportiu. L\u2019activitat convidava a esportistes, assistents del cos t\u00e8cnic i familiars a reflexionar sobre com ens alimentam actualment i com podem millorar les propostes culin\u00e0ries del dia a dia, especialment a trav\u00e9s dels berenars i berenetes. De l\u2019acci\u00f3 participativa van sorgir propostes interessants, com la necessitat d\u2019implicar les cafeteries dels clubs esportius en el proc\u00e9s de transformaci\u00f3 aliment\u00e0ria, a trav\u00e9s de la venta de productes m\u00e9s adequats, com fruites fresques locals i de temporada, sucs de fruita naturals, entrepans integrals amb companatge local, i bossetes de fruits secs. A m\u00e9s, les fam\u00edlies reconeixien el seu deure en haver de fer un esfor\u00e7 m\u00e9s a l\u2019hora de preparar berenetes m\u00e9s sanes per dur als entrenaments; i els equips t\u00e8cnics van proposar-se oferir fruita peri\u00f2dicament a peu de pista un cop finalitzat l\u2019entrenament.<\/p>\n\n\n\n<p>Per acabar la jornada, m\u00e9s d\u2019una cinquantena de participants van poder compartir una bereneta-sopar saludable i sostenible, amb: fruita fresca i deshidratada de S\u2019Hort de Son Tr\u00e9mol, pa i pastes integrals d\u2019Es Gra, melmelades de Capell de Ferro, embotits i formatges de Tirant Nou i iogurts naturals de Lluriach.<\/p>\n","protected":false},"excerpt":{"rendered":"<p>El dia 22 de desembre, esportistes joves del Club de Futbol Dosa, juntament amb els seus t\u00e8cnics i les seves fam\u00edlies, es van reunir al camp per compartir algunes reflexions sobre l\u2019alimentaci\u00f3 actual. Ja \u00e9s tradici\u00f3 que aquest club posi final al primer trimestre de la temporada esportiva amb una jornada familiar. Enguany, com a&hellip;<\/p>\n","protected":false},"author":2,"featured_media":1478,"comment_status":"closed","ping_status":"closed","sticky":false,"template":"","format":"standard","meta":{"_acf_changed":false,"footnotes":""},"categories":[10,32],"tags":[],"class_list":["post-1477","post","type-post","status-publish","format-standard","has-post-thumbnail","hentry","category-ciutadella","category-formacio"],"acf":[],"yoast_head":"<!-- This site is optimized with the Yoast SEO plugin v23.6 - https:\/\/yoast.com\/wordpress\/plugins\/seo\/ -->\n<title>El C.F. Dosa de Ciutadella reflexiona sobre el seu paper entorn l\u2019alimentaci\u00f3 saludable i sostenible - Menorca al plat<\/title>\n<meta name=\"robots\" content=\"index, follow, max-snippet:-1, max-image-preview:large, max-video-preview:-1\" \/>\n<link rel=\"canonical\" href=\"https:\/\/menorcalplat.com\/joventut\/el-c-f-dosa-de-ciutadella-reflexiona-sobre-el-seu-paper-entorn-lalimentacio-saludable-i-sostenible\/\" \/>\n<meta property=\"og:locale\" content=\"ca_ES\" \/>\n<meta property=\"og:type\" content=\"article\" \/>\n<meta property=\"og:title\" content=\"El C.F. Dosa de Ciutadella reflexiona sobre el seu paper entorn l\u2019alimentaci\u00f3 saludable i sostenible - Menorca al plat\" \/>\n<meta property=\"og:description\" content=\"El dia 22 de desembre, esportistes joves del Club de Futbol Dosa, juntament amb els seus t\u00e8cnics i les seves fam\u00edlies, es van reunir al camp per compartir algunes reflexions sobre l\u2019alimentaci\u00f3 actual. Ja \u00e9s tradici\u00f3 que aquest club posi final al primer trimestre de la temporada esportiva amb una jornada familiar. Enguany, com a&hellip;\" \/>\n<meta property=\"og:url\" content=\"https:\/\/menorcalplat.com\/joventut\/el-c-f-dosa-de-ciutadella-reflexiona-sobre-el-seu-paper-entorn-lalimentacio-saludable-i-sostenible\/\" \/>\n<meta property=\"og:site_name\" content=\"Menorca al plat\" \/>\n<meta property=\"article:published_time\" content=\"2021-12-30T08:18:07+00:00\" \/>\n<meta property=\"article:modified_time\" content=\"2021-12-30T08:18:09+00:00\" \/>\n<meta property=\"og:image\" content=\"https:\/\/menorcalplat.com\/joventut\/wp-content\/uploads\/2021\/12\/entorn-alimentacio-saludable-i-sostenible-menorca-al-plat.jpg\" \/>\n\t<meta property=\"og:image:width\" content=\"2000\" \/>\n\t<meta property=\"og:image:height\" content=\"1500\" \/>\n\t<meta property=\"og:image:type\" content=\"image\/jpeg\" \/>\n<meta name=\"author\" content=\"Miguel Carret\u00f3n\" \/>\n<meta name=\"twitter:card\" content=\"summary_large_image\" \/>\n<meta name=\"twitter:label1\" content=\"Escrit per\" \/>\n\t<meta name=\"twitter:data1\" content=\"Miguel Carret\u00f3n\" \/>\n\t<meta name=\"twitter:label2\" content=\"Temps estimat de lectura\" \/>\n\t<meta name=\"twitter:data2\" content=\"3 minuts\" \/>\n<script type=\"application\/ld+json\" class=\"yoast-schema-graph\">{\"@context\":\"https:\/\/schema.org\",\"@graph\":[{\"@type\":\"WebPage\",\"@id\":\"https:\/\/menorcalplat.com\/joventut\/el-c-f-dosa-de-ciutadella-reflexiona-sobre-el-seu-paper-entorn-lalimentacio-saludable-i-sostenible\/\",\"url\":\"https:\/\/menorcalplat.com\/joventut\/el-c-f-dosa-de-ciutadella-reflexiona-sobre-el-seu-paper-entorn-lalimentacio-saludable-i-sostenible\/\",\"name\":\"El C.F. Dosa de Ciutadella reflexiona sobre el seu paper entorn l\u2019alimentaci\u00f3 saludable i sostenible - Menorca al plat\",\"isPartOf\":{\"@id\":\"https:\/\/menorcalplat.com\/joventut\/es\/#website\"},\"primaryImageOfPage\":{\"@id\":\"https:\/\/menorcalplat.com\/joventut\/el-c-f-dosa-de-ciutadella-reflexiona-sobre-el-seu-paper-entorn-lalimentacio-saludable-i-sostenible\/#primaryimage\"},\"image\":{\"@id\":\"https:\/\/menorcalplat.com\/joventut\/el-c-f-dosa-de-ciutadella-reflexiona-sobre-el-seu-paper-entorn-lalimentacio-saludable-i-sostenible\/#primaryimage\"},\"thumbnailUrl\":\"https:\/\/menorcalplat.com\/joventut\/wp-content\/uploads\/2021\/12\/entorn-alimentacio-saludable-i-sostenible-menorca-al-plat.jpg\",\"datePublished\":\"2021-12-30T08:18:07+00:00\",\"dateModified\":\"2021-12-30T08:18:09+00:00\",\"author\":{\"@id\":\"https:\/\/menorcalplat.com\/joventut\/es\/#\/schema\/person\/352b2b067941f8068928b45adc30eac4\"},\"inLanguage\":\"ca\",\"potentialAction\":[{\"@type\":\"ReadAction\",\"target\":[\"https:\/\/menorcalplat.com\/joventut\/el-c-f-dosa-de-ciutadella-reflexiona-sobre-el-seu-paper-entorn-lalimentacio-saludable-i-sostenible\/\"]}]},{\"@type\":\"ImageObject\",\"inLanguage\":\"ca\",\"@id\":\"https:\/\/menorcalplat.com\/joventut\/el-c-f-dosa-de-ciutadella-reflexiona-sobre-el-seu-paper-entorn-lalimentacio-saludable-i-sostenible\/#primaryimage\",\"url\":\"https:\/\/menorcalplat.com\/joventut\/wp-content\/uploads\/2021\/12\/entorn-alimentacio-saludable-i-sostenible-menorca-al-plat.jpg\",\"contentUrl\":\"https:\/\/menorcalplat.com\/joventut\/wp-content\/uploads\/2021\/12\/entorn-alimentacio-saludable-i-sostenible-menorca-al-plat.jpg\",\"width\":2000,\"height\":1500,\"caption\":\"entorn-alimentacio\u0301-saludable-i-sostenible-menorca-al-plat\"},{\"@type\":\"WebSite\",\"@id\":\"https:\/\/menorcalplat.com\/joventut\/es\/#website\",\"url\":\"https:\/\/menorcalplat.com\/joventut\/es\/\",\"name\":\"Menorca al plat\",\"description\":\"de la joventut\",\"potentialAction\":[{\"@type\":\"SearchAction\",\"target\":{\"@type\":\"EntryPoint\",\"urlTemplate\":\"https:\/\/menorcalplat.com\/joventut\/es\/?s={search_term_string}\"},\"query-input\":{\"@type\":\"PropertyValueSpecification\",\"valueRequired\":true,\"valueName\":\"search_term_string\"}}],\"inLanguage\":\"ca\"},{\"@type\":\"Person\",\"@id\":\"https:\/\/menorcalplat.com\/joventut\/es\/#\/schema\/person\/352b2b067941f8068928b45adc30eac4\",\"name\":\"Miguel Carret\u00f3n\"}]}<\/script>\n<!-- \/ Yoast SEO plugin. -->","yoast_head_json":{"title":"El C.F. Dosa de Ciutadella reflexiona sobre el seu paper entorn l\u2019alimentaci\u00f3 saludable i sostenible - Menorca al plat","robots":{"index":"index","follow":"follow","max-snippet":"max-snippet:-1","max-image-preview":"max-image-preview:large","max-video-preview":"max-video-preview:-1"},"canonical":"https:\/\/menorcalplat.com\/joventut\/el-c-f-dosa-de-ciutadella-reflexiona-sobre-el-seu-paper-entorn-lalimentacio-saludable-i-sostenible\/","og_locale":"ca_ES","og_type":"article","og_title":"El C.F. Dosa de Ciutadella reflexiona sobre el seu paper entorn l\u2019alimentaci\u00f3 saludable i sostenible - Menorca al plat","og_description":"El dia 22 de desembre, esportistes joves del Club de Futbol Dosa, juntament amb els seus t\u00e8cnics i les seves fam\u00edlies, es van reunir al camp per compartir algunes reflexions sobre l\u2019alimentaci\u00f3 actual. Ja \u00e9s tradici\u00f3 que aquest club posi final al primer trimestre de la temporada esportiva amb una jornada familiar. Enguany, com a&hellip;","og_url":"https:\/\/menorcalplat.com\/joventut\/el-c-f-dosa-de-ciutadella-reflexiona-sobre-el-seu-paper-entorn-lalimentacio-saludable-i-sostenible\/","og_site_name":"Menorca al plat","article_published_time":"2021-12-30T08:18:07+00:00","article_modified_time":"2021-12-30T08:18:09+00:00","og_image":[{"width":2000,"height":1500,"url":"https:\/\/menorcalplat.com\/joventut\/wp-content\/uploads\/2021\/12\/entorn-alimentacio-saludable-i-sostenible-menorca-al-plat.jpg","type":"image\/jpeg"}],"author":"Miguel Carret\u00f3n","twitter_card":"summary_large_image","twitter_misc":{"Escrit per":"Miguel Carret\u00f3n","Temps estimat de lectura":"3 minuts"},"schema":{"@context":"https:\/\/schema.org","@graph":[{"@type":"WebPage","@id":"https:\/\/menorcalplat.com\/joventut\/el-c-f-dosa-de-ciutadella-reflexiona-sobre-el-seu-paper-entorn-lalimentacio-saludable-i-sostenible\/","url":"https:\/\/menorcalplat.com\/joventut\/el-c-f-dosa-de-ciutadella-reflexiona-sobre-el-seu-paper-entorn-lalimentacio-saludable-i-sostenible\/","name":"El C.F. Dosa de Ciutadella reflexiona sobre el seu paper entorn l\u2019alimentaci\u00f3 saludable i sostenible - Menorca al plat","isPartOf":{"@id":"https:\/\/menorcalplat.com\/joventut\/es\/#website"},"primaryImageOfPage":{"@id":"https:\/\/menorcalplat.com\/joventut\/el-c-f-dosa-de-ciutadella-reflexiona-sobre-el-seu-paper-entorn-lalimentacio-saludable-i-sostenible\/#primaryimage"},"image":{"@id":"https:\/\/menorcalplat.com\/joventut\/el-c-f-dosa-de-ciutadella-reflexiona-sobre-el-seu-paper-entorn-lalimentacio-saludable-i-sostenible\/#primaryimage"},"thumbnailUrl":"https:\/\/menorcalplat.com\/joventut\/wp-content\/uploads\/2021\/12\/entorn-alimentacio-saludable-i-sostenible-menorca-al-plat.jpg","datePublished":"2021-12-30T08:18:07+00:00","dateModified":"2021-12-30T08:18:09+00:00","author":{"@id":"https:\/\/menorcalplat.com\/joventut\/es\/#\/schema\/person\/352b2b067941f8068928b45adc30eac4"},"inLanguage":"ca","potentialAction":[{"@type":"ReadAction","target":["https:\/\/menorcalplat.com\/joventut\/el-c-f-dosa-de-ciutadella-reflexiona-sobre-el-seu-paper-entorn-lalimentacio-saludable-i-sostenible\/"]}]},{"@type":"ImageObject","inLanguage":"ca","@id":"https:\/\/menorcalplat.com\/joventut\/el-c-f-dosa-de-ciutadella-reflexiona-sobre-el-seu-paper-entorn-lalimentacio-saludable-i-sostenible\/#primaryimage","url":"https:\/\/menorcalplat.com\/joventut\/wp-content\/uploads\/2021\/12\/entorn-alimentacio-saludable-i-sostenible-menorca-al-plat.jpg","contentUrl":"https:\/\/menorcalplat.com\/joventut\/wp-content\/uploads\/2021\/12\/entorn-alimentacio-saludable-i-sostenible-menorca-al-plat.jpg","width":2000,"height":1500,"caption":"entorn-alimentacio\u0301-saludable-i-sostenible-menorca-al-plat"},{"@type":"WebSite","@id":"https:\/\/menorcalplat.com\/joventut\/es\/#website","url":"https:\/\/menorcalplat.com\/joventut\/es\/","name":"Menorca al plat","description":"de la joventut","potentialAction":[{"@type":"SearchAction","target":{"@type":"EntryPoint","urlTemplate":"https:\/\/menorcalplat.com\/joventut\/es\/?s={search_term_string}"},"query-input":{"@type":"PropertyValueSpecification","valueRequired":true,"valueName":"search_term_string"}}],"inLanguage":"ca"},{"@type":"Person","@id":"https:\/\/menorcalplat.com\/joventut\/es\/#\/schema\/person\/352b2b067941f8068928b45adc30eac4","name":"Miguel Carret\u00f3n"}]}},"_links":{"self":[{"href":"https:\/\/menorcalplat.com\/joventut\/wp-json\/wp\/v2\/posts\/1477"}],"collection":[{"href":"https:\/\/menorcalplat.com\/joventut\/wp-json\/wp\/v2\/posts"}],"about":[{"href":"https:\/\/menorcalplat.com\/joventut\/wp-json\/wp\/v2\/types\/post"}],"author":[{"embeddable":true,"href":"https:\/\/menorcalplat.com\/joventut\/wp-json\/wp\/v2\/users\/2"}],"replies":[{"embeddable":true,"href":"https:\/\/menorcalplat.com\/joventut\/wp-json\/wp\/v2\/comments?post=1477"}],"version-history":[{"count":1,"href":"https:\/\/menorcalplat.com\/joventut\/wp-json\/wp\/v2\/posts\/1477\/revisions"}],"predecessor-version":[{"id":1480,"href":"https:\/\/menorcalplat.com\/joventut\/wp-json\/wp\/v2\/posts\/1477\/revisions\/1480"}],"wp:featuredmedia":[{"embeddable":true,"href":"https:\/\/menorcalplat.com\/joventut\/wp-json\/wp\/v2\/media\/1478"}],"wp:attachment":[{"href":"https:\/\/menorcalplat.com\/joventut\/wp-json\/wp\/v2\/media?parent=1477"}],"wp:term":[{"taxonomy":"category","embeddable":true,"href":"https:\/\/menorcalplat.com\/joventut\/wp-json\/wp\/v2\/categories?post=1477"},{"taxonomy":"post_tag","embeddable":true,"href":"https:\/\/menorcalplat.com\/joventut\/wp-json\/wp\/v2\/tags?post=1477"}],"curies":[{"name":"wp","href":"https:\/\/api.w.org\/{rel}","templated":true}]}}