{"id":1473,"date":"2021-12-30T09:15:42","date_gmt":"2021-12-30T08:15:42","guid":{"rendered":"https:\/\/menorcalplat.com\/joventut\/?p=1473"},"modified":"2021-12-30T09:15:44","modified_gmt":"2021-12-30T08:15:44","slug":"iniciam-els-entrenaments-esportius-a-les-finques-de-cultiu-agroecologiques","status":"publish","type":"post","link":"https:\/\/menorcalplat.com\/joventut\/iniciam-els-entrenaments-esportius-a-les-finques-de-cultiu-agroecologiques\/","title":{"rendered":"Iniciam els entrenaments esportius a les finques de cultiu agroecol\u00f2giques"},"content":{"rendered":"\n<p>Els darrers dies, diversos equips del Grup Esportiu Es Port (escola de ciclisme) i del Club de Futbol Dosa, ambd\u00f3s de Ciutadella, han gaudit de l\u2019activitat \u201c<em>Canvi de sabates per un dia<\/em>\u201d que ofereix l\u2019Associaci\u00f3 Leader Menorca, en el marc del projecte Menorca al Plat de la Joventut amb col\u00b7laboraci\u00f3 de Integrasport del Consell Insular de Menorca.<\/p>\n\n\n\n<p>L\u2019activitat consisteix en apropar el camp agroecol\u00f2gic local al jovent esportista de l\u2019illa, amb la finalitat de contribuir a comprendre la import\u00e0ncia de seguir una alimentaci\u00f3 sana i alhora sostenible, i a donar a con\u00e8ixer la feina de les persones que treballen al cap produint aliments, per sensibilitzar-nos amb l\u2019esfor\u00e7 que aix\u00f2 suposa.<\/p>\n\n\n\n<p>Dos equips joves del Grup Esportiu Es Port van partir en bicicleta cap al Cap d\u2019Artrutx per aturar-se a la finca Parella Vella, on els germans Bosch, Dani i Isaac, els esperaven per mostrar-lis a qu\u00e8 dedicarien les hores de feina del capvespre. Uns dies m\u00e9s tard, l\u2019equip alev\u00ed del club de futbol Dosa va pujar en un autob\u00fas per arribar al mateix lloc amb la mateixa finalitat. &nbsp;<\/p>\n\n\n\n<p>A Parella Vella es produeixen aliments d&#8217;horta i fruites amb certificat ecol\u00f2gic, ous i mel de manera convencional, combinats amb carn de ramaderia extensiva. Juntament amb dues finques m\u00e9s venen cistelles setmanals amb productes variats, que s&#8217;encarreguen per tel\u00e8fon i s\u00f3n repartides a domicili.<\/p>\n\n\n\n<p>Arribats a la finca, i sense perdre m\u00e9s temps, les i els esportistes es van cal\u00e7ar unes botes de camp per ajudar als pagesos. Aquells capvespres hi havia monyacos per collir. La tanca no acabava mai&#8230; per\u00f2 entre totes les mans disponibles a ajudar i en poc menys d\u2019una hora, els monyacos van estar collits i a punt per dur-los als mercats municipals.<\/p>\n\n\n\n<p>Aquesta activitat es complementa amb tallers de berenars i berenetes saludables a peu de pista als clubs esportius i amb xerrades i tallers destinades a les fam\u00edlies i equips t\u00e8cnics dels clubs. Aix\u00ed mateix, s\u2019abasteix peri\u00f2dicament als esportistes de fruita i hortalisses locals, de temporada i agroecol\u00f2giques, especialment d\u2019aquelles en excedent.&nbsp;<\/p>\n","protected":false},"excerpt":{"rendered":"<p>Els darrers dies, diversos equips del Grup Esportiu Es Port (escola de ciclisme) i del Club de Futbol Dosa, ambd\u00f3s de Ciutadella, han gaudit de l\u2019activitat \u201cCanvi de sabates per un dia\u201d que ofereix l\u2019Associaci\u00f3 Leader Menorca, en el marc del projecte Menorca al Plat de la Joventut amb col\u00b7laboraci\u00f3 de Integrasport del Consell Insular&hellip;<\/p>\n","protected":false},"author":2,"featured_media":1474,"comment_status":"closed","ping_status":"closed","sticky":false,"template":"","format":"standard","meta":{"_acf_changed":false,"footnotes":""},"categories":[10,34,32],"tags":[],"class_list":["post-1473","post","type-post","status-publish","format-standard","has-post-thumbnail","hentry","category-ciutadella","category-entrenaments","category-formacio"],"acf":[],"yoast_head":"<!-- This site is optimized with the Yoast SEO plugin v23.6 - https:\/\/yoast.com\/wordpress\/plugins\/seo\/ -->\n<title>Iniciam els entrenaments esportius a les finques de cultiu agroecol\u00f2giques - Menorca al plat<\/title>\n<meta name=\"robots\" content=\"index, follow, max-snippet:-1, max-image-preview:large, max-video-preview:-1\" \/>\n<link rel=\"canonical\" href=\"https:\/\/menorcalplat.com\/joventut\/iniciam-els-entrenaments-esportius-a-les-finques-de-cultiu-agroecologiques\/\" \/>\n<meta property=\"og:locale\" content=\"ca_ES\" \/>\n<meta property=\"og:type\" content=\"article\" \/>\n<meta property=\"og:title\" content=\"Iniciam els entrenaments esportius a les finques de cultiu agroecol\u00f2giques - Menorca al plat\" \/>\n<meta property=\"og:description\" content=\"Els darrers dies, diversos equips del Grup Esportiu Es Port (escola de ciclisme) i del Club de Futbol Dosa, ambd\u00f3s de Ciutadella, han gaudit de l\u2019activitat \u201cCanvi de sabates per un dia\u201d que ofereix l\u2019Associaci\u00f3 Leader Menorca, en el marc del projecte Menorca al Plat de la Joventut amb col\u00b7laboraci\u00f3 de Integrasport del Consell Insular&hellip;\" \/>\n<meta property=\"og:url\" content=\"https:\/\/menorcalplat.com\/joventut\/iniciam-els-entrenaments-esportius-a-les-finques-de-cultiu-agroecologiques\/\" \/>\n<meta property=\"og:site_name\" content=\"Menorca al plat\" \/>\n<meta property=\"article:published_time\" content=\"2021-12-30T08:15:42+00:00\" \/>\n<meta property=\"article:modified_time\" content=\"2021-12-30T08:15:44+00:00\" \/>\n<meta property=\"og:image\" content=\"https:\/\/menorcalplat.com\/joventut\/wp-content\/uploads\/2021\/12\/activitats-esportives-finques-cultius-agroecologiques-menorca-al-plat.jpg\" \/>\n\t<meta property=\"og:image:width\" content=\"1600\" \/>\n\t<meta property=\"og:image:height\" content=\"1036\" \/>\n\t<meta property=\"og:image:type\" content=\"image\/jpeg\" \/>\n<meta name=\"author\" content=\"Miguel Carret\u00f3n\" \/>\n<meta name=\"twitter:card\" content=\"summary_large_image\" \/>\n<meta name=\"twitter:label1\" content=\"Escrit per\" \/>\n\t<meta name=\"twitter:data1\" content=\"Miguel Carret\u00f3n\" \/>\n\t<meta name=\"twitter:label2\" content=\"Temps estimat de lectura\" \/>\n\t<meta name=\"twitter:data2\" content=\"2 minuts\" \/>\n<script type=\"application\/ld+json\" class=\"yoast-schema-graph\">{\"@context\":\"https:\/\/schema.org\",\"@graph\":[{\"@type\":\"WebPage\",\"@id\":\"https:\/\/menorcalplat.com\/joventut\/iniciam-els-entrenaments-esportius-a-les-finques-de-cultiu-agroecologiques\/\",\"url\":\"https:\/\/menorcalplat.com\/joventut\/iniciam-els-entrenaments-esportius-a-les-finques-de-cultiu-agroecologiques\/\",\"name\":\"Iniciam els entrenaments esportius a les finques de cultiu agroecol\u00f2giques - Menorca al plat\",\"isPartOf\":{\"@id\":\"https:\/\/menorcalplat.com\/joventut\/es\/#website\"},\"primaryImageOfPage\":{\"@id\":\"https:\/\/menorcalplat.com\/joventut\/iniciam-els-entrenaments-esportius-a-les-finques-de-cultiu-agroecologiques\/#primaryimage\"},\"image\":{\"@id\":\"https:\/\/menorcalplat.com\/joventut\/iniciam-els-entrenaments-esportius-a-les-finques-de-cultiu-agroecologiques\/#primaryimage\"},\"thumbnailUrl\":\"https:\/\/menorcalplat.com\/joventut\/wp-content\/uploads\/2021\/12\/activitats-esportives-finques-cultius-agroecologiques-menorca-al-plat.jpg\",\"datePublished\":\"2021-12-30T08:15:42+00:00\",\"dateModified\":\"2021-12-30T08:15:44+00:00\",\"author\":{\"@id\":\"https:\/\/menorcalplat.com\/joventut\/es\/#\/schema\/person\/352b2b067941f8068928b45adc30eac4\"},\"inLanguage\":\"ca\",\"potentialAction\":[{\"@type\":\"ReadAction\",\"target\":[\"https:\/\/menorcalplat.com\/joventut\/iniciam-els-entrenaments-esportius-a-les-finques-de-cultiu-agroecologiques\/\"]}]},{\"@type\":\"ImageObject\",\"inLanguage\":\"ca\",\"@id\":\"https:\/\/menorcalplat.com\/joventut\/iniciam-els-entrenaments-esportius-a-les-finques-de-cultiu-agroecologiques\/#primaryimage\",\"url\":\"https:\/\/menorcalplat.com\/joventut\/wp-content\/uploads\/2021\/12\/activitats-esportives-finques-cultius-agroecologiques-menorca-al-plat.jpg\",\"contentUrl\":\"https:\/\/menorcalplat.com\/joventut\/wp-content\/uploads\/2021\/12\/activitats-esportives-finques-cultius-agroecologiques-menorca-al-plat.jpg\",\"width\":1600,\"height\":1036,\"caption\":\"Activitats-esportives-finques-cultius-agroecologiques-menorca-al-plat\"},{\"@type\":\"WebSite\",\"@id\":\"https:\/\/menorcalplat.com\/joventut\/es\/#website\",\"url\":\"https:\/\/menorcalplat.com\/joventut\/es\/\",\"name\":\"Menorca al plat\",\"description\":\"de la joventut\",\"potentialAction\":[{\"@type\":\"SearchAction\",\"target\":{\"@type\":\"EntryPoint\",\"urlTemplate\":\"https:\/\/menorcalplat.com\/joventut\/es\/?s={search_term_string}\"},\"query-input\":{\"@type\":\"PropertyValueSpecification\",\"valueRequired\":true,\"valueName\":\"search_term_string\"}}],\"inLanguage\":\"ca\"},{\"@type\":\"Person\",\"@id\":\"https:\/\/menorcalplat.com\/joventut\/es\/#\/schema\/person\/352b2b067941f8068928b45adc30eac4\",\"name\":\"Miguel Carret\u00f3n\"}]}<\/script>\n<!-- \/ Yoast SEO plugin. -->","yoast_head_json":{"title":"Iniciam els entrenaments esportius a les finques de cultiu agroecol\u00f2giques - Menorca al plat","robots":{"index":"index","follow":"follow","max-snippet":"max-snippet:-1","max-image-preview":"max-image-preview:large","max-video-preview":"max-video-preview:-1"},"canonical":"https:\/\/menorcalplat.com\/joventut\/iniciam-els-entrenaments-esportius-a-les-finques-de-cultiu-agroecologiques\/","og_locale":"ca_ES","og_type":"article","og_title":"Iniciam els entrenaments esportius a les finques de cultiu agroecol\u00f2giques - Menorca al plat","og_description":"Els darrers dies, diversos equips del Grup Esportiu Es Port (escola de ciclisme) i del Club de Futbol Dosa, ambd\u00f3s de Ciutadella, han gaudit de l\u2019activitat \u201cCanvi de sabates per un dia\u201d que ofereix l\u2019Associaci\u00f3 Leader Menorca, en el marc del projecte Menorca al Plat de la Joventut amb col\u00b7laboraci\u00f3 de Integrasport del Consell Insular&hellip;","og_url":"https:\/\/menorcalplat.com\/joventut\/iniciam-els-entrenaments-esportius-a-les-finques-de-cultiu-agroecologiques\/","og_site_name":"Menorca al plat","article_published_time":"2021-12-30T08:15:42+00:00","article_modified_time":"2021-12-30T08:15:44+00:00","og_image":[{"width":1600,"height":1036,"url":"https:\/\/menorcalplat.com\/joventut\/wp-content\/uploads\/2021\/12\/activitats-esportives-finques-cultius-agroecologiques-menorca-al-plat.jpg","type":"image\/jpeg"}],"author":"Miguel Carret\u00f3n","twitter_card":"summary_large_image","twitter_misc":{"Escrit per":"Miguel Carret\u00f3n","Temps estimat de lectura":"2 minuts"},"schema":{"@context":"https:\/\/schema.org","@graph":[{"@type":"WebPage","@id":"https:\/\/menorcalplat.com\/joventut\/iniciam-els-entrenaments-esportius-a-les-finques-de-cultiu-agroecologiques\/","url":"https:\/\/menorcalplat.com\/joventut\/iniciam-els-entrenaments-esportius-a-les-finques-de-cultiu-agroecologiques\/","name":"Iniciam els entrenaments esportius a les finques de cultiu agroecol\u00f2giques - Menorca al plat","isPartOf":{"@id":"https:\/\/menorcalplat.com\/joventut\/es\/#website"},"primaryImageOfPage":{"@id":"https:\/\/menorcalplat.com\/joventut\/iniciam-els-entrenaments-esportius-a-les-finques-de-cultiu-agroecologiques\/#primaryimage"},"image":{"@id":"https:\/\/menorcalplat.com\/joventut\/iniciam-els-entrenaments-esportius-a-les-finques-de-cultiu-agroecologiques\/#primaryimage"},"thumbnailUrl":"https:\/\/menorcalplat.com\/joventut\/wp-content\/uploads\/2021\/12\/activitats-esportives-finques-cultius-agroecologiques-menorca-al-plat.jpg","datePublished":"2021-12-30T08:15:42+00:00","dateModified":"2021-12-30T08:15:44+00:00","author":{"@id":"https:\/\/menorcalplat.com\/joventut\/es\/#\/schema\/person\/352b2b067941f8068928b45adc30eac4"},"inLanguage":"ca","potentialAction":[{"@type":"ReadAction","target":["https:\/\/menorcalplat.com\/joventut\/iniciam-els-entrenaments-esportius-a-les-finques-de-cultiu-agroecologiques\/"]}]},{"@type":"ImageObject","inLanguage":"ca","@id":"https:\/\/menorcalplat.com\/joventut\/iniciam-els-entrenaments-esportius-a-les-finques-de-cultiu-agroecologiques\/#primaryimage","url":"https:\/\/menorcalplat.com\/joventut\/wp-content\/uploads\/2021\/12\/activitats-esportives-finques-cultius-agroecologiques-menorca-al-plat.jpg","contentUrl":"https:\/\/menorcalplat.com\/joventut\/wp-content\/uploads\/2021\/12\/activitats-esportives-finques-cultius-agroecologiques-menorca-al-plat.jpg","width":1600,"height":1036,"caption":"Activitats-esportives-finques-cultius-agroecologiques-menorca-al-plat"},{"@type":"WebSite","@id":"https:\/\/menorcalplat.com\/joventut\/es\/#website","url":"https:\/\/menorcalplat.com\/joventut\/es\/","name":"Menorca al plat","description":"de la joventut","potentialAction":[{"@type":"SearchAction","target":{"@type":"EntryPoint","urlTemplate":"https:\/\/menorcalplat.com\/joventut\/es\/?s={search_term_string}"},"query-input":{"@type":"PropertyValueSpecification","valueRequired":true,"valueName":"search_term_string"}}],"inLanguage":"ca"},{"@type":"Person","@id":"https:\/\/menorcalplat.com\/joventut\/es\/#\/schema\/person\/352b2b067941f8068928b45adc30eac4","name":"Miguel Carret\u00f3n"}]}},"_links":{"self":[{"href":"https:\/\/menorcalplat.com\/joventut\/wp-json\/wp\/v2\/posts\/1473"}],"collection":[{"href":"https:\/\/menorcalplat.com\/joventut\/wp-json\/wp\/v2\/posts"}],"about":[{"href":"https:\/\/menorcalplat.com\/joventut\/wp-json\/wp\/v2\/types\/post"}],"author":[{"embeddable":true,"href":"https:\/\/menorcalplat.com\/joventut\/wp-json\/wp\/v2\/users\/2"}],"replies":[{"embeddable":true,"href":"https:\/\/menorcalplat.com\/joventut\/wp-json\/wp\/v2\/comments?post=1473"}],"version-history":[{"count":1,"href":"https:\/\/menorcalplat.com\/joventut\/wp-json\/wp\/v2\/posts\/1473\/revisions"}],"predecessor-version":[{"id":1476,"href":"https:\/\/menorcalplat.com\/joventut\/wp-json\/wp\/v2\/posts\/1473\/revisions\/1476"}],"wp:featuredmedia":[{"embeddable":true,"href":"https:\/\/menorcalplat.com\/joventut\/wp-json\/wp\/v2\/media\/1474"}],"wp:attachment":[{"href":"https:\/\/menorcalplat.com\/joventut\/wp-json\/wp\/v2\/media?parent=1473"}],"wp:term":[{"taxonomy":"category","embeddable":true,"href":"https:\/\/menorcalplat.com\/joventut\/wp-json\/wp\/v2\/categories?post=1473"},{"taxonomy":"post_tag","embeddable":true,"href":"https:\/\/menorcalplat.com\/joventut\/wp-json\/wp\/v2\/tags?post=1473"}],"curies":[{"name":"wp","href":"https:\/\/api.w.org\/{rel}","templated":true}]}}