{"id":1459,"date":"2021-10-11T11:34:32","date_gmt":"2021-10-11T09:34:32","guid":{"rendered":"https:\/\/menorcalplat.com\/joventut\/?p=1459"},"modified":"2021-10-11T11:34:33","modified_gmt":"2021-10-11T09:34:33","slug":"comencam-nova-temporada-esportiva-amb-nous-i-millors-habits-alimentaris","status":"publish","type":"post","link":"https:\/\/menorcalplat.com\/joventut\/comencam-nova-temporada-esportiva-amb-nous-i-millors-habits-alimentaris\/","title":{"rendered":"Comen\u00e7am nova temporada esportiva amb nous i millors h\u00e0bits alimentaris."},"content":{"rendered":"\n<p>El projecte Menorca al Plat de la Joventut de l\u2019associaci\u00f3 <a href=\"https:\/\/leadermenorca.org\/\" target=\"_blank\" rel=\"noreferrer noopener\">Leader Menorca <\/a>reinicia la seva activitat coincidint amb l\u2019inici del curs escolar i de la temporada esportiva. Amb l\u2019objectiu d\u2019apropar una alimentaci\u00f3 m\u00e9s saludable i sostenible a la comunitat esportiva, Leader treballa en coordinaci\u00f3 amb el programa Integrasport del Servei d\u2019Esports del Consell Insular de Menorca, que per cinqu\u00e8 any consecutiu, ofereix un acompanyament integral en el creixement personal d\u2019esportistes en edat escolar.<\/p>\n\n\n\n<p>Els equips d\u2019esports dels diferents clubs esportius adherits al programa Integrasport podran gaudir d\u2019un seguit d\u2019activitats lligades a l\u2019alimentaci\u00f3, com ara els tallers presencials i participatius destinats als esportistes i realitzats a peu de pista, que pretenen crear un espai de reflexi\u00f3 i de presa de decisions col\u00b7lectives per tal de millorar l\u2019alimentaci\u00f3 quotidiana, tant des del punt de vista saludable com de la sostenibilitat.<\/p>\n\n\n\n<p>Aix\u00ed mateix, les fam\u00edlies d\u2019esportistes podran gaudir de sessions formatives pr\u00e0ctiques que contribueixin a oferir un acompanyament alimentari adequat als seus infants. Avui, no basta en conscienciar els infants sobre la import\u00e0ncia de la seva alimentaci\u00f3; cal oferir eines i recursos als pares i mares, per garantir una pr\u00e0ctica aliment\u00e0ria coherent. Durant la temporada esportiva passada, es van impartir xerrades i tallers sobre alimentaci\u00f3 saludable, posant \u00e8mfasi en els berenars i berenetes del dia a dia. Enguany, a m\u00e9s, s\u2019oferir\u00e0 un taller de com elaborar men\u00fas saludables i sostenibles setmanals i familiars.<\/p>\n\n\n\n<p>Com a novetat, els equips esportius implicats podran gaudir d\u2019entrenaments peculiars que es realitzaran en les finques de cultiu, col\u00b7laborant amb les pageses i pagesos&nbsp; per fer les collites corresponents a cada temporada, posant especial \u00e8mfasi a l\u2019excedent alimentari i a l\u2019esfor\u00e7 hum\u00e0 que requereix treballar al camp. La finalitat \u00e9s transmetre als esportistes la import\u00e0ncia de saber treballar la terra i donar-li el valor que t\u00e9 perqu\u00e8 ens alimetam d\u2019ella.<\/p>\n\n\n\n<p>Com ja \u00e9s costum, totes aquestes sessions d\u2019h\u00e0bits alimentaris saludables i sostenibles aniran acompanyades de berenars i berenetes a base de fruita fresca, local, produ\u00efda de forma respectuosa amb el medi i amb mires d\u2019evitar el malbaratament alimentari.<\/p>\n\n\n\n<p>Des de Leader i Integrasport esperam que gaudir tant o m\u00e9s com altres edicions el programa d\u2019activitats d\u2019h\u00e0bits alimentaris sostenibles. <\/p>\n\n\n\n<p>Recordau: tenim m\u00e9s d\u2019una cita al vostre club esportiu!<\/p>\n","protected":false},"excerpt":{"rendered":"<p>El projecte Menorca al Plat de la Joventut de l\u2019associaci\u00f3 Leader Menorca reinicia la seva activitat coincidint amb l\u2019inici del curs escolar i de la temporada esportiva. Amb l\u2019objectiu d\u2019apropar una alimentaci\u00f3 m\u00e9s saludable i sostenible a la comunitat esportiva, Leader treballa en coordinaci\u00f3 amb el programa Integrasport del Servei d\u2019Esports del Consell Insular de&hellip;<\/p>\n","protected":false},"author":2,"featured_media":1460,"comment_status":"closed","ping_status":"closed","sticky":false,"template":"","format":"standard","meta":{"_acf_changed":false,"footnotes":""},"categories":[1],"tags":[],"class_list":["post-1459","post","type-post","status-publish","format-standard","has-post-thumbnail","hentry","category-sense-categoria"],"acf":[],"yoast_head":"<!-- This site is optimized with the Yoast SEO plugin v23.6 - https:\/\/yoast.com\/wordpress\/plugins\/seo\/ -->\n<title>Comen\u00e7am nova temporada esportiva amb nous i millors h\u00e0bits alimentaris. - Menorca al plat<\/title>\n<meta name=\"robots\" content=\"index, follow, max-snippet:-1, max-image-preview:large, max-video-preview:-1\" \/>\n<link rel=\"canonical\" href=\"https:\/\/menorcalplat.com\/joventut\/comencam-nova-temporada-esportiva-amb-nous-i-millors-habits-alimentaris\/\" \/>\n<meta property=\"og:locale\" content=\"ca_ES\" \/>\n<meta property=\"og:type\" content=\"article\" \/>\n<meta property=\"og:title\" content=\"Comen\u00e7am nova temporada esportiva amb nous i millors h\u00e0bits alimentaris. - Menorca al plat\" \/>\n<meta property=\"og:description\" content=\"El projecte Menorca al Plat de la Joventut de l\u2019associaci\u00f3 Leader Menorca reinicia la seva activitat coincidint amb l\u2019inici del curs escolar i de la temporada esportiva. Amb l\u2019objectiu d\u2019apropar una alimentaci\u00f3 m\u00e9s saludable i sostenible a la comunitat esportiva, Leader treballa en coordinaci\u00f3 amb el programa Integrasport del Servei d\u2019Esports del Consell Insular de&hellip;\" \/>\n<meta property=\"og:url\" content=\"https:\/\/menorcalplat.com\/joventut\/comencam-nova-temporada-esportiva-amb-nous-i-millors-habits-alimentaris\/\" \/>\n<meta property=\"og:site_name\" content=\"Menorca al plat\" \/>\n<meta property=\"article:published_time\" content=\"2021-10-11T09:34:32+00:00\" \/>\n<meta property=\"article:modified_time\" content=\"2021-10-11T09:34:33+00:00\" \/>\n<meta property=\"og:image\" content=\"https:\/\/menorcalplat.com\/joventut\/wp-content\/uploads\/2021\/10\/post-menorca-al-lat-joventut.jpg\" \/>\n\t<meta property=\"og:image:width\" content=\"1024\" \/>\n\t<meta property=\"og:image:height\" content=\"768\" \/>\n\t<meta property=\"og:image:type\" content=\"image\/jpeg\" \/>\n<meta name=\"author\" content=\"Miguel Carret\u00f3n\" \/>\n<meta name=\"twitter:card\" content=\"summary_large_image\" \/>\n<meta name=\"twitter:label1\" content=\"Escrit per\" \/>\n\t<meta name=\"twitter:data1\" content=\"Miguel Carret\u00f3n\" \/>\n\t<meta name=\"twitter:label2\" content=\"Temps estimat de lectura\" \/>\n\t<meta name=\"twitter:data2\" content=\"2 minuts\" \/>\n<script type=\"application\/ld+json\" class=\"yoast-schema-graph\">{\"@context\":\"https:\/\/schema.org\",\"@graph\":[{\"@type\":\"WebPage\",\"@id\":\"https:\/\/menorcalplat.com\/joventut\/comencam-nova-temporada-esportiva-amb-nous-i-millors-habits-alimentaris\/\",\"url\":\"https:\/\/menorcalplat.com\/joventut\/comencam-nova-temporada-esportiva-amb-nous-i-millors-habits-alimentaris\/\",\"name\":\"Comen\u00e7am nova temporada esportiva amb nous i millors h\u00e0bits alimentaris. - Menorca al plat\",\"isPartOf\":{\"@id\":\"https:\/\/menorcalplat.com\/joventut\/es\/#website\"},\"primaryImageOfPage\":{\"@id\":\"https:\/\/menorcalplat.com\/joventut\/comencam-nova-temporada-esportiva-amb-nous-i-millors-habits-alimentaris\/#primaryimage\"},\"image\":{\"@id\":\"https:\/\/menorcalplat.com\/joventut\/comencam-nova-temporada-esportiva-amb-nous-i-millors-habits-alimentaris\/#primaryimage\"},\"thumbnailUrl\":\"https:\/\/menorcalplat.com\/joventut\/wp-content\/uploads\/2021\/10\/post-menorca-al-lat-joventut.jpg\",\"datePublished\":\"2021-10-11T09:34:32+00:00\",\"dateModified\":\"2021-10-11T09:34:33+00:00\",\"author\":{\"@id\":\"https:\/\/menorcalplat.com\/joventut\/es\/#\/schema\/person\/352b2b067941f8068928b45adc30eac4\"},\"inLanguage\":\"ca\",\"potentialAction\":[{\"@type\":\"ReadAction\",\"target\":[\"https:\/\/menorcalplat.com\/joventut\/comencam-nova-temporada-esportiva-amb-nous-i-millors-habits-alimentaris\/\"]}]},{\"@type\":\"ImageObject\",\"inLanguage\":\"ca\",\"@id\":\"https:\/\/menorcalplat.com\/joventut\/comencam-nova-temporada-esportiva-amb-nous-i-millors-habits-alimentaris\/#primaryimage\",\"url\":\"https:\/\/menorcalplat.com\/joventut\/wp-content\/uploads\/2021\/10\/post-menorca-al-lat-joventut.jpg\",\"contentUrl\":\"https:\/\/menorcalplat.com\/joventut\/wp-content\/uploads\/2021\/10\/post-menorca-al-lat-joventut.jpg\",\"width\":1024,\"height\":768,\"caption\":\"Post-Menorca-al-lat-joventut\"},{\"@type\":\"WebSite\",\"@id\":\"https:\/\/menorcalplat.com\/joventut\/es\/#website\",\"url\":\"https:\/\/menorcalplat.com\/joventut\/es\/\",\"name\":\"Menorca al plat\",\"description\":\"de la joventut\",\"potentialAction\":[{\"@type\":\"SearchAction\",\"target\":{\"@type\":\"EntryPoint\",\"urlTemplate\":\"https:\/\/menorcalplat.com\/joventut\/es\/?s={search_term_string}\"},\"query-input\":{\"@type\":\"PropertyValueSpecification\",\"valueRequired\":true,\"valueName\":\"search_term_string\"}}],\"inLanguage\":\"ca\"},{\"@type\":\"Person\",\"@id\":\"https:\/\/menorcalplat.com\/joventut\/es\/#\/schema\/person\/352b2b067941f8068928b45adc30eac4\",\"name\":\"Miguel Carret\u00f3n\"}]}<\/script>\n<!-- \/ Yoast SEO plugin. -->","yoast_head_json":{"title":"Comen\u00e7am nova temporada esportiva amb nous i millors h\u00e0bits alimentaris. - Menorca al plat","robots":{"index":"index","follow":"follow","max-snippet":"max-snippet:-1","max-image-preview":"max-image-preview:large","max-video-preview":"max-video-preview:-1"},"canonical":"https:\/\/menorcalplat.com\/joventut\/comencam-nova-temporada-esportiva-amb-nous-i-millors-habits-alimentaris\/","og_locale":"ca_ES","og_type":"article","og_title":"Comen\u00e7am nova temporada esportiva amb nous i millors h\u00e0bits alimentaris. - Menorca al plat","og_description":"El projecte Menorca al Plat de la Joventut de l\u2019associaci\u00f3 Leader Menorca reinicia la seva activitat coincidint amb l\u2019inici del curs escolar i de la temporada esportiva. Amb l\u2019objectiu d\u2019apropar una alimentaci\u00f3 m\u00e9s saludable i sostenible a la comunitat esportiva, Leader treballa en coordinaci\u00f3 amb el programa Integrasport del Servei d\u2019Esports del Consell Insular de&hellip;","og_url":"https:\/\/menorcalplat.com\/joventut\/comencam-nova-temporada-esportiva-amb-nous-i-millors-habits-alimentaris\/","og_site_name":"Menorca al plat","article_published_time":"2021-10-11T09:34:32+00:00","article_modified_time":"2021-10-11T09:34:33+00:00","og_image":[{"width":1024,"height":768,"url":"https:\/\/menorcalplat.com\/joventut\/wp-content\/uploads\/2021\/10\/post-menorca-al-lat-joventut.jpg","type":"image\/jpeg"}],"author":"Miguel Carret\u00f3n","twitter_card":"summary_large_image","twitter_misc":{"Escrit per":"Miguel Carret\u00f3n","Temps estimat de lectura":"2 minuts"},"schema":{"@context":"https:\/\/schema.org","@graph":[{"@type":"WebPage","@id":"https:\/\/menorcalplat.com\/joventut\/comencam-nova-temporada-esportiva-amb-nous-i-millors-habits-alimentaris\/","url":"https:\/\/menorcalplat.com\/joventut\/comencam-nova-temporada-esportiva-amb-nous-i-millors-habits-alimentaris\/","name":"Comen\u00e7am nova temporada esportiva amb nous i millors h\u00e0bits alimentaris. - Menorca al plat","isPartOf":{"@id":"https:\/\/menorcalplat.com\/joventut\/es\/#website"},"primaryImageOfPage":{"@id":"https:\/\/menorcalplat.com\/joventut\/comencam-nova-temporada-esportiva-amb-nous-i-millors-habits-alimentaris\/#primaryimage"},"image":{"@id":"https:\/\/menorcalplat.com\/joventut\/comencam-nova-temporada-esportiva-amb-nous-i-millors-habits-alimentaris\/#primaryimage"},"thumbnailUrl":"https:\/\/menorcalplat.com\/joventut\/wp-content\/uploads\/2021\/10\/post-menorca-al-lat-joventut.jpg","datePublished":"2021-10-11T09:34:32+00:00","dateModified":"2021-10-11T09:34:33+00:00","author":{"@id":"https:\/\/menorcalplat.com\/joventut\/es\/#\/schema\/person\/352b2b067941f8068928b45adc30eac4"},"inLanguage":"ca","potentialAction":[{"@type":"ReadAction","target":["https:\/\/menorcalplat.com\/joventut\/comencam-nova-temporada-esportiva-amb-nous-i-millors-habits-alimentaris\/"]}]},{"@type":"ImageObject","inLanguage":"ca","@id":"https:\/\/menorcalplat.com\/joventut\/comencam-nova-temporada-esportiva-amb-nous-i-millors-habits-alimentaris\/#primaryimage","url":"https:\/\/menorcalplat.com\/joventut\/wp-content\/uploads\/2021\/10\/post-menorca-al-lat-joventut.jpg","contentUrl":"https:\/\/menorcalplat.com\/joventut\/wp-content\/uploads\/2021\/10\/post-menorca-al-lat-joventut.jpg","width":1024,"height":768,"caption":"Post-Menorca-al-lat-joventut"},{"@type":"WebSite","@id":"https:\/\/menorcalplat.com\/joventut\/es\/#website","url":"https:\/\/menorcalplat.com\/joventut\/es\/","name":"Menorca al plat","description":"de la joventut","potentialAction":[{"@type":"SearchAction","target":{"@type":"EntryPoint","urlTemplate":"https:\/\/menorcalplat.com\/joventut\/es\/?s={search_term_string}"},"query-input":{"@type":"PropertyValueSpecification","valueRequired":true,"valueName":"search_term_string"}}],"inLanguage":"ca"},{"@type":"Person","@id":"https:\/\/menorcalplat.com\/joventut\/es\/#\/schema\/person\/352b2b067941f8068928b45adc30eac4","name":"Miguel Carret\u00f3n"}]}},"_links":{"self":[{"href":"https:\/\/menorcalplat.com\/joventut\/wp-json\/wp\/v2\/posts\/1459"}],"collection":[{"href":"https:\/\/menorcalplat.com\/joventut\/wp-json\/wp\/v2\/posts"}],"about":[{"href":"https:\/\/menorcalplat.com\/joventut\/wp-json\/wp\/v2\/types\/post"}],"author":[{"embeddable":true,"href":"https:\/\/menorcalplat.com\/joventut\/wp-json\/wp\/v2\/users\/2"}],"replies":[{"embeddable":true,"href":"https:\/\/menorcalplat.com\/joventut\/wp-json\/wp\/v2\/comments?post=1459"}],"version-history":[{"count":1,"href":"https:\/\/menorcalplat.com\/joventut\/wp-json\/wp\/v2\/posts\/1459\/revisions"}],"predecessor-version":[{"id":1462,"href":"https:\/\/menorcalplat.com\/joventut\/wp-json\/wp\/v2\/posts\/1459\/revisions\/1462"}],"wp:featuredmedia":[{"embeddable":true,"href":"https:\/\/menorcalplat.com\/joventut\/wp-json\/wp\/v2\/media\/1460"}],"wp:attachment":[{"href":"https:\/\/menorcalplat.com\/joventut\/wp-json\/wp\/v2\/media?parent=1459"}],"wp:term":[{"taxonomy":"category","embeddable":true,"href":"https:\/\/menorcalplat.com\/joventut\/wp-json\/wp\/v2\/categories?post=1459"},{"taxonomy":"post_tag","embeddable":true,"href":"https:\/\/menorcalplat.com\/joventut\/wp-json\/wp\/v2\/tags?post=1459"}],"curies":[{"name":"wp","href":"https:\/\/api.w.org\/{rel}","templated":true}]}}