{"id":1435,"date":"2021-04-12T17:58:07","date_gmt":"2021-04-12T15:58:07","guid":{"rendered":"https:\/\/menorcalplat.com\/joventut\/?p=1435"},"modified":"2021-04-12T18:01:04","modified_gmt":"2021-04-12T16:01:04","slug":"ja-tenim-aqui-la-prestatgeria-saludable-i-sostenible","status":"publish","type":"post","link":"https:\/\/menorcalplat.com\/joventut\/ja-tenim-aqui-la-prestatgeria-saludable-i-sostenible\/","title":{"rendered":"Ja tenim aqu\u00ed la prestatgeria saludable i sostenible!"},"content":{"rendered":"\n<p>A partir d\u2019avui, els clubs que ho desitgin, aix\u00ed com les cafeteries de centres esportius que s\u2019animin, podran disposar a les seves instal\u00b7lacions d\u2019una prestatgeria, amb l\u2019objectiu d\u2019oferir recursos informatius sobre alimentaci\u00f3 i productes locals saludables i sostenibles.<\/p>\n\n\n\n<p>Es tracta d\u2019una iniciativa de l\u2019<a href=\"http:\/\/www.leadermenorca.org\/\" target=\"_blank\" rel=\"noreferrer noopener\">Associaci\u00f3 Leader Menorca<\/a>, en el marc del projecte Menorca al Plat de la Joventut, per apropar al jovent esportista de l\u2019illa opcions alternatives als cl\u00e0ssics berenars i berenetes de bolleria, esnacs i llaminadures, tant habituals en els espais esportius, especialment els caps de setmana. Derivades dels tallers sobre alimentaci\u00f3 que es realitzen setmanalment amb fam\u00edlies i esportistes de clubs adherits al projecte Integrasport, s\u2019ha detectat la necessitat de que en els espais dels clubs esportius (com en els bars i cafeteries) s\u2019ofereixin aliments m\u00e9s sans. Les fam\u00edlies perceben que les seves filles i fills no mengen m\u00e9s s\u00e0 perqu\u00e8 no hi ha opcions m\u00e9s sanes; i aix\u00ed ho confirmen el jovent esportista.<\/p>\n\n\n\n<p>La prestatgeria ser\u00e0 un punt de trobada no nom\u00e9s entre esportistes i les seves fam\u00edlies, cada vegada que desitgin informaci\u00f3 i idees sobre alimentaci\u00f3 saludable, sin\u00f3 tamb\u00e9 entre aquestes i el sector local de la producci\u00f3&nbsp; d\u2019aliments, com pagesos i artesans dedicats a la producci\u00f3 de fruita, de pa i pastes, de iogurts, d\u2019embotits, d\u2019hortalisses, etc.<\/p>\n","protected":false},"excerpt":{"rendered":"<p>A partir d\u2019avui, els clubs que ho desitgin, aix\u00ed com les cafeteries de centres esportius que s\u2019animin, podran disposar a les seves instal\u00b7lacions d\u2019una prestatgeria, amb l\u2019objectiu d\u2019oferir recursos informatius sobre alimentaci\u00f3 i productes locals saludables i sostenibles. Es tracta d\u2019una iniciativa de l\u2019Associaci\u00f3 Leader Menorca, en el marc del projecte Menorca al Plat de&hellip;<\/p>\n","protected":false},"author":2,"featured_media":1436,"comment_status":"closed","ping_status":"closed","sticky":false,"template":"","format":"standard","meta":{"_acf_changed":false,"footnotes":""},"categories":[32],"tags":[],"class_list":["post-1435","post","type-post","status-publish","format-standard","has-post-thumbnail","hentry","category-formacio"],"acf":[],"yoast_head":"<!-- This site is optimized with the Yoast SEO plugin v23.6 - https:\/\/yoast.com\/wordpress\/plugins\/seo\/ -->\n<title>Ja tenim aqu\u00ed la prestatgeria saludable i sostenible! - Menorca al plat<\/title>\n<meta name=\"robots\" content=\"index, follow, max-snippet:-1, max-image-preview:large, max-video-preview:-1\" \/>\n<link rel=\"canonical\" href=\"https:\/\/menorcalplat.com\/joventut\/ja-tenim-aqui-la-prestatgeria-saludable-i-sostenible\/\" \/>\n<meta property=\"og:locale\" content=\"ca_ES\" \/>\n<meta property=\"og:type\" content=\"article\" \/>\n<meta property=\"og:title\" content=\"Ja tenim aqu\u00ed la prestatgeria saludable i sostenible! - Menorca al plat\" \/>\n<meta property=\"og:description\" content=\"A partir d\u2019avui, els clubs que ho desitgin, aix\u00ed com les cafeteries de centres esportius que s\u2019animin, podran disposar a les seves instal\u00b7lacions d\u2019una prestatgeria, amb l\u2019objectiu d\u2019oferir recursos informatius sobre alimentaci\u00f3 i productes locals saludables i sostenibles. Es tracta d\u2019una iniciativa de l\u2019Associaci\u00f3 Leader Menorca, en el marc del projecte Menorca al Plat de&hellip;\" \/>\n<meta property=\"og:url\" content=\"https:\/\/menorcalplat.com\/joventut\/ja-tenim-aqui-la-prestatgeria-saludable-i-sostenible\/\" \/>\n<meta property=\"og:site_name\" content=\"Menorca al plat\" \/>\n<meta property=\"article:published_time\" content=\"2021-04-12T15:58:07+00:00\" \/>\n<meta property=\"article:modified_time\" content=\"2021-04-12T16:01:04+00:00\" \/>\n<meta property=\"og:image\" content=\"https:\/\/menorcalplat.com\/joventut\/wp-content\/uploads\/2021\/04\/prestatgeria-saludable-menorca-al-plat.jpg\" \/>\n\t<meta property=\"og:image:width\" content=\"1600\" \/>\n\t<meta property=\"og:image:height\" content=\"901\" \/>\n\t<meta property=\"og:image:type\" content=\"image\/jpeg\" \/>\n<meta name=\"author\" content=\"Miguel Carret\u00f3n\" \/>\n<meta name=\"twitter:card\" content=\"summary_large_image\" \/>\n<meta name=\"twitter:label1\" content=\"Escrit per\" \/>\n\t<meta name=\"twitter:data1\" content=\"Miguel Carret\u00f3n\" \/>\n\t<meta name=\"twitter:label2\" content=\"Temps estimat de lectura\" \/>\n\t<meta name=\"twitter:data2\" content=\"1 minut\" \/>\n<script type=\"application\/ld+json\" class=\"yoast-schema-graph\">{\"@context\":\"https:\/\/schema.org\",\"@graph\":[{\"@type\":\"WebPage\",\"@id\":\"https:\/\/menorcalplat.com\/joventut\/ja-tenim-aqui-la-prestatgeria-saludable-i-sostenible\/\",\"url\":\"https:\/\/menorcalplat.com\/joventut\/ja-tenim-aqui-la-prestatgeria-saludable-i-sostenible\/\",\"name\":\"Ja tenim aqu\u00ed la prestatgeria saludable i sostenible! - Menorca al plat\",\"isPartOf\":{\"@id\":\"https:\/\/menorcalplat.com\/joventut\/es\/#website\"},\"primaryImageOfPage\":{\"@id\":\"https:\/\/menorcalplat.com\/joventut\/ja-tenim-aqui-la-prestatgeria-saludable-i-sostenible\/#primaryimage\"},\"image\":{\"@id\":\"https:\/\/menorcalplat.com\/joventut\/ja-tenim-aqui-la-prestatgeria-saludable-i-sostenible\/#primaryimage\"},\"thumbnailUrl\":\"https:\/\/menorcalplat.com\/joventut\/wp-content\/uploads\/2021\/04\/prestatgeria-saludable-menorca-al-plat.jpg\",\"datePublished\":\"2021-04-12T15:58:07+00:00\",\"dateModified\":\"2021-04-12T16:01:04+00:00\",\"author\":{\"@id\":\"https:\/\/menorcalplat.com\/joventut\/es\/#\/schema\/person\/352b2b067941f8068928b45adc30eac4\"},\"inLanguage\":\"ca\",\"potentialAction\":[{\"@type\":\"ReadAction\",\"target\":[\"https:\/\/menorcalplat.com\/joventut\/ja-tenim-aqui-la-prestatgeria-saludable-i-sostenible\/\"]}]},{\"@type\":\"ImageObject\",\"inLanguage\":\"ca\",\"@id\":\"https:\/\/menorcalplat.com\/joventut\/ja-tenim-aqui-la-prestatgeria-saludable-i-sostenible\/#primaryimage\",\"url\":\"https:\/\/menorcalplat.com\/joventut\/wp-content\/uploads\/2021\/04\/prestatgeria-saludable-menorca-al-plat.jpg\",\"contentUrl\":\"https:\/\/menorcalplat.com\/joventut\/wp-content\/uploads\/2021\/04\/prestatgeria-saludable-menorca-al-plat.jpg\",\"width\":1600,\"height\":901,\"caption\":\"prestatgeria-saludable-menorca-al-plat\"},{\"@type\":\"WebSite\",\"@id\":\"https:\/\/menorcalplat.com\/joventut\/es\/#website\",\"url\":\"https:\/\/menorcalplat.com\/joventut\/es\/\",\"name\":\"Menorca al plat\",\"description\":\"de la joventut\",\"potentialAction\":[{\"@type\":\"SearchAction\",\"target\":{\"@type\":\"EntryPoint\",\"urlTemplate\":\"https:\/\/menorcalplat.com\/joventut\/es\/?s={search_term_string}\"},\"query-input\":{\"@type\":\"PropertyValueSpecification\",\"valueRequired\":true,\"valueName\":\"search_term_string\"}}],\"inLanguage\":\"ca\"},{\"@type\":\"Person\",\"@id\":\"https:\/\/menorcalplat.com\/joventut\/es\/#\/schema\/person\/352b2b067941f8068928b45adc30eac4\",\"name\":\"Miguel Carret\u00f3n\"}]}<\/script>\n<!-- \/ Yoast SEO plugin. -->","yoast_head_json":{"title":"Ja tenim aqu\u00ed la prestatgeria saludable i sostenible! - Menorca al plat","robots":{"index":"index","follow":"follow","max-snippet":"max-snippet:-1","max-image-preview":"max-image-preview:large","max-video-preview":"max-video-preview:-1"},"canonical":"https:\/\/menorcalplat.com\/joventut\/ja-tenim-aqui-la-prestatgeria-saludable-i-sostenible\/","og_locale":"ca_ES","og_type":"article","og_title":"Ja tenim aqu\u00ed la prestatgeria saludable i sostenible! - Menorca al plat","og_description":"A partir d\u2019avui, els clubs que ho desitgin, aix\u00ed com les cafeteries de centres esportius que s\u2019animin, podran disposar a les seves instal\u00b7lacions d\u2019una prestatgeria, amb l\u2019objectiu d\u2019oferir recursos informatius sobre alimentaci\u00f3 i productes locals saludables i sostenibles. Es tracta d\u2019una iniciativa de l\u2019Associaci\u00f3 Leader Menorca, en el marc del projecte Menorca al Plat de&hellip;","og_url":"https:\/\/menorcalplat.com\/joventut\/ja-tenim-aqui-la-prestatgeria-saludable-i-sostenible\/","og_site_name":"Menorca al plat","article_published_time":"2021-04-12T15:58:07+00:00","article_modified_time":"2021-04-12T16:01:04+00:00","og_image":[{"width":1600,"height":901,"url":"https:\/\/menorcalplat.com\/joventut\/wp-content\/uploads\/2021\/04\/prestatgeria-saludable-menorca-al-plat.jpg","type":"image\/jpeg"}],"author":"Miguel Carret\u00f3n","twitter_card":"summary_large_image","twitter_misc":{"Escrit per":"Miguel Carret\u00f3n","Temps estimat de lectura":"1 minut"},"schema":{"@context":"https:\/\/schema.org","@graph":[{"@type":"WebPage","@id":"https:\/\/menorcalplat.com\/joventut\/ja-tenim-aqui-la-prestatgeria-saludable-i-sostenible\/","url":"https:\/\/menorcalplat.com\/joventut\/ja-tenim-aqui-la-prestatgeria-saludable-i-sostenible\/","name":"Ja tenim aqu\u00ed la prestatgeria saludable i sostenible! - Menorca al plat","isPartOf":{"@id":"https:\/\/menorcalplat.com\/joventut\/es\/#website"},"primaryImageOfPage":{"@id":"https:\/\/menorcalplat.com\/joventut\/ja-tenim-aqui-la-prestatgeria-saludable-i-sostenible\/#primaryimage"},"image":{"@id":"https:\/\/menorcalplat.com\/joventut\/ja-tenim-aqui-la-prestatgeria-saludable-i-sostenible\/#primaryimage"},"thumbnailUrl":"https:\/\/menorcalplat.com\/joventut\/wp-content\/uploads\/2021\/04\/prestatgeria-saludable-menorca-al-plat.jpg","datePublished":"2021-04-12T15:58:07+00:00","dateModified":"2021-04-12T16:01:04+00:00","author":{"@id":"https:\/\/menorcalplat.com\/joventut\/es\/#\/schema\/person\/352b2b067941f8068928b45adc30eac4"},"inLanguage":"ca","potentialAction":[{"@type":"ReadAction","target":["https:\/\/menorcalplat.com\/joventut\/ja-tenim-aqui-la-prestatgeria-saludable-i-sostenible\/"]}]},{"@type":"ImageObject","inLanguage":"ca","@id":"https:\/\/menorcalplat.com\/joventut\/ja-tenim-aqui-la-prestatgeria-saludable-i-sostenible\/#primaryimage","url":"https:\/\/menorcalplat.com\/joventut\/wp-content\/uploads\/2021\/04\/prestatgeria-saludable-menorca-al-plat.jpg","contentUrl":"https:\/\/menorcalplat.com\/joventut\/wp-content\/uploads\/2021\/04\/prestatgeria-saludable-menorca-al-plat.jpg","width":1600,"height":901,"caption":"prestatgeria-saludable-menorca-al-plat"},{"@type":"WebSite","@id":"https:\/\/menorcalplat.com\/joventut\/es\/#website","url":"https:\/\/menorcalplat.com\/joventut\/es\/","name":"Menorca al plat","description":"de la joventut","potentialAction":[{"@type":"SearchAction","target":{"@type":"EntryPoint","urlTemplate":"https:\/\/menorcalplat.com\/joventut\/es\/?s={search_term_string}"},"query-input":{"@type":"PropertyValueSpecification","valueRequired":true,"valueName":"search_term_string"}}],"inLanguage":"ca"},{"@type":"Person","@id":"https:\/\/menorcalplat.com\/joventut\/es\/#\/schema\/person\/352b2b067941f8068928b45adc30eac4","name":"Miguel Carret\u00f3n"}]}},"_links":{"self":[{"href":"https:\/\/menorcalplat.com\/joventut\/wp-json\/wp\/v2\/posts\/1435"}],"collection":[{"href":"https:\/\/menorcalplat.com\/joventut\/wp-json\/wp\/v2\/posts"}],"about":[{"href":"https:\/\/menorcalplat.com\/joventut\/wp-json\/wp\/v2\/types\/post"}],"author":[{"embeddable":true,"href":"https:\/\/menorcalplat.com\/joventut\/wp-json\/wp\/v2\/users\/2"}],"replies":[{"embeddable":true,"href":"https:\/\/menorcalplat.com\/joventut\/wp-json\/wp\/v2\/comments?post=1435"}],"version-history":[{"count":2,"href":"https:\/\/menorcalplat.com\/joventut\/wp-json\/wp\/v2\/posts\/1435\/revisions"}],"predecessor-version":[{"id":1441,"href":"https:\/\/menorcalplat.com\/joventut\/wp-json\/wp\/v2\/posts\/1435\/revisions\/1441"}],"wp:featuredmedia":[{"embeddable":true,"href":"https:\/\/menorcalplat.com\/joventut\/wp-json\/wp\/v2\/media\/1436"}],"wp:attachment":[{"href":"https:\/\/menorcalplat.com\/joventut\/wp-json\/wp\/v2\/media?parent=1435"}],"wp:term":[{"taxonomy":"category","embeddable":true,"href":"https:\/\/menorcalplat.com\/joventut\/wp-json\/wp\/v2\/categories?post=1435"},{"taxonomy":"post_tag","embeddable":true,"href":"https:\/\/menorcalplat.com\/joventut\/wp-json\/wp\/v2\/tags?post=1435"}],"curies":[{"name":"wp","href":"https:\/\/api.w.org\/{rel}","templated":true}]}}