{"id":1426,"date":"2021-04-12T13:18:16","date_gmt":"2021-04-12T11:18:16","guid":{"rendered":"https:\/\/menorcalplat.com\/joventut\/?p=1426"},"modified":"2021-04-12T15:01:29","modified_gmt":"2021-04-12T13:01:29","slug":"families-desportistes-solliciten-tallers-dacompanyament-sobre-habits-alimentaris-saludables","status":"publish","type":"post","link":"https:\/\/menorcalplat.com\/joventut\/families-desportistes-solliciten-tallers-dacompanyament-sobre-habits-alimentaris-saludables\/","title":{"rendered":"Fam\u00edlies d\u2019esportistes sol\u00b7liciten tallers d\u2019acompanyament sobre h\u00e0bits alimentaris saludables"},"content":{"rendered":"\n<p>Grups de fam\u00edlies d\u2019equips esportius del club de b\u00e0tminton de Ma\u00f3, del club de r\u00edtmica Ca Nostra de Ciutadella i de tennis des Mercadal han pogut compartir espais de reflexi\u00f3 entorn l\u2019alimentaci\u00f3 saludable per a esportistes en edat infantil i juvenil.<\/p>\n\n\n\n<p>El taller consisteix en una xerrada interactiva sobre qu\u00e8 entenem per alimentaci\u00f3 saludable i de quina manera diverses combinacions d\u2019aliments al llarg dels panxons de cada dia podem configurar dietes molt diferents d\u2019una fam\u00edlia a una altra, per\u00f2 totes elles saludables. Descobrim juntes, que el denominador com\u00fa entre v\u00e0ries dietes saludables no \u00e9s ben b\u00e9 el que han d\u2019incloure, sin\u00f3 all\u00f2 que han d\u2019excloure. La intervenci\u00f3 acaba amb un debat sobre la import\u00e0ncia de no obviar la salut del nostre entorn (l\u2019animal i el medi ambient) quan escollim un aliment o un altre. Tan mateix, quan xerram de salut ens referim tant al continent (el planeta) com al contingut (les persones i els animals).<\/p>\n\n\n\n<p>Les sessions per a mares i pares s\u00f3n ja un cl\u00e0ssic dintre del projecte Menorca al Plat de la Joventut de l\u2019<a href=\"http:\/\/www.leadermenorca.org\/\" target=\"_blank\" rel=\"noreferrer noopener\">Associaci\u00f3 Leader Menorca<\/a>, en col\u00b7laboraci\u00f3 amb el projecte <a href=\"http:\/\/integrasportmenorca.com\/\" target=\"_blank\" rel=\"noreferrer noopener\">Integrasport<\/a> del Consell Insular de Menorca; i s\u2019han fet imprescindibles quan els mateixos clubs esportius aposten per treballar temes relacionats amb l\u2019alimentaci\u00f3. D\u2019aquesta manera, joves esportistes reben petits impactes positius tant des del club, com des de casa com des de l\u2019escola.<\/p>\n","protected":false},"excerpt":{"rendered":"<p>Grups de fam\u00edlies d\u2019equips esportius del club de b\u00e0tminton de Ma\u00f3, del club de r\u00edtmica Ca Nostra de Ciutadella i de tennis des Mercadal han pogut compartir espais de reflexi\u00f3 entorn l\u2019alimentaci\u00f3 saludable per a esportistes en edat infantil i juvenil. El taller consisteix en una xerrada interactiva sobre qu\u00e8 entenem per alimentaci\u00f3 saludable i&hellip;<\/p>\n","protected":false},"author":2,"featured_media":1431,"comment_status":"closed","ping_status":"closed","sticky":false,"template":"","format":"standard","meta":{"_acf_changed":false,"footnotes":""},"categories":[32],"tags":[],"class_list":["post-1426","post","type-post","status-publish","format-standard","has-post-thumbnail","hentry","category-formacio"],"acf":[],"yoast_head":"<!-- This site is optimized with the Yoast SEO plugin v23.6 - https:\/\/yoast.com\/wordpress\/plugins\/seo\/ -->\n<title>Fam\u00edlies d\u2019esportistes sol\u00b7liciten tallers d\u2019acompanyament sobre h\u00e0bits alimentaris saludables - Menorca al plat<\/title>\n<meta name=\"robots\" content=\"index, follow, max-snippet:-1, max-image-preview:large, max-video-preview:-1\" \/>\n<link rel=\"canonical\" href=\"https:\/\/menorcalplat.com\/joventut\/families-desportistes-solliciten-tallers-dacompanyament-sobre-habits-alimentaris-saludables\/\" \/>\n<meta property=\"og:locale\" content=\"ca_ES\" \/>\n<meta property=\"og:type\" content=\"article\" \/>\n<meta property=\"og:title\" content=\"Fam\u00edlies d\u2019esportistes sol\u00b7liciten tallers d\u2019acompanyament sobre h\u00e0bits alimentaris saludables - Menorca al plat\" \/>\n<meta property=\"og:description\" content=\"Grups de fam\u00edlies d\u2019equips esportius del club de b\u00e0tminton de Ma\u00f3, del club de r\u00edtmica Ca Nostra de Ciutadella i de tennis des Mercadal han pogut compartir espais de reflexi\u00f3 entorn l\u2019alimentaci\u00f3 saludable per a esportistes en edat infantil i juvenil. El taller consisteix en una xerrada interactiva sobre qu\u00e8 entenem per alimentaci\u00f3 saludable i&hellip;\" \/>\n<meta property=\"og:url\" content=\"https:\/\/menorcalplat.com\/joventut\/families-desportistes-solliciten-tallers-dacompanyament-sobre-habits-alimentaris-saludables\/\" \/>\n<meta property=\"og:site_name\" content=\"Menorca al plat\" \/>\n<meta property=\"article:published_time\" content=\"2021-04-12T11:18:16+00:00\" \/>\n<meta property=\"article:modified_time\" content=\"2021-04-12T13:01:29+00:00\" \/>\n<meta property=\"og:image\" content=\"https:\/\/menorcalplat.com\/joventut\/wp-content\/uploads\/2021\/04\/tallers-dacompanyament-habits-alimentaris-saludables.jpg\" \/>\n\t<meta property=\"og:image:width\" content=\"2000\" \/>\n\t<meta property=\"og:image:height\" content=\"1500\" \/>\n\t<meta property=\"og:image:type\" content=\"image\/jpeg\" \/>\n<meta name=\"author\" content=\"Miguel Carret\u00f3n\" \/>\n<meta name=\"twitter:card\" content=\"summary_large_image\" \/>\n<meta name=\"twitter:label1\" content=\"Escrit per\" \/>\n\t<meta name=\"twitter:data1\" content=\"Miguel Carret\u00f3n\" \/>\n\t<meta name=\"twitter:label2\" content=\"Temps estimat de lectura\" \/>\n\t<meta name=\"twitter:data2\" content=\"1 minut\" \/>\n<script type=\"application\/ld+json\" class=\"yoast-schema-graph\">{\"@context\":\"https:\/\/schema.org\",\"@graph\":[{\"@type\":\"WebPage\",\"@id\":\"https:\/\/menorcalplat.com\/joventut\/families-desportistes-solliciten-tallers-dacompanyament-sobre-habits-alimentaris-saludables\/\",\"url\":\"https:\/\/menorcalplat.com\/joventut\/families-desportistes-solliciten-tallers-dacompanyament-sobre-habits-alimentaris-saludables\/\",\"name\":\"Fam\u00edlies d\u2019esportistes sol\u00b7liciten tallers d\u2019acompanyament sobre h\u00e0bits alimentaris saludables - Menorca al plat\",\"isPartOf\":{\"@id\":\"https:\/\/menorcalplat.com\/joventut\/es\/#website\"},\"primaryImageOfPage\":{\"@id\":\"https:\/\/menorcalplat.com\/joventut\/families-desportistes-solliciten-tallers-dacompanyament-sobre-habits-alimentaris-saludables\/#primaryimage\"},\"image\":{\"@id\":\"https:\/\/menorcalplat.com\/joventut\/families-desportistes-solliciten-tallers-dacompanyament-sobre-habits-alimentaris-saludables\/#primaryimage\"},\"thumbnailUrl\":\"https:\/\/menorcalplat.com\/joventut\/wp-content\/uploads\/2021\/04\/tallers-dacompanyament-habits-alimentaris-saludables.jpg\",\"datePublished\":\"2021-04-12T11:18:16+00:00\",\"dateModified\":\"2021-04-12T13:01:29+00:00\",\"author\":{\"@id\":\"https:\/\/menorcalplat.com\/joventut\/es\/#\/schema\/person\/352b2b067941f8068928b45adc30eac4\"},\"inLanguage\":\"ca\",\"potentialAction\":[{\"@type\":\"ReadAction\",\"target\":[\"https:\/\/menorcalplat.com\/joventut\/families-desportistes-solliciten-tallers-dacompanyament-sobre-habits-alimentaris-saludables\/\"]}]},{\"@type\":\"ImageObject\",\"inLanguage\":\"ca\",\"@id\":\"https:\/\/menorcalplat.com\/joventut\/families-desportistes-solliciten-tallers-dacompanyament-sobre-habits-alimentaris-saludables\/#primaryimage\",\"url\":\"https:\/\/menorcalplat.com\/joventut\/wp-content\/uploads\/2021\/04\/tallers-dacompanyament-habits-alimentaris-saludables.jpg\",\"contentUrl\":\"https:\/\/menorcalplat.com\/joventut\/wp-content\/uploads\/2021\/04\/tallers-dacompanyament-habits-alimentaris-saludables.jpg\",\"width\":2000,\"height\":1500,\"caption\":\"tallers-acompanyament-ha\u0300bits-alimentaris-saludables\"},{\"@type\":\"WebSite\",\"@id\":\"https:\/\/menorcalplat.com\/joventut\/es\/#website\",\"url\":\"https:\/\/menorcalplat.com\/joventut\/es\/\",\"name\":\"Menorca al plat\",\"description\":\"de la joventut\",\"potentialAction\":[{\"@type\":\"SearchAction\",\"target\":{\"@type\":\"EntryPoint\",\"urlTemplate\":\"https:\/\/menorcalplat.com\/joventut\/es\/?s={search_term_string}\"},\"query-input\":{\"@type\":\"PropertyValueSpecification\",\"valueRequired\":true,\"valueName\":\"search_term_string\"}}],\"inLanguage\":\"ca\"},{\"@type\":\"Person\",\"@id\":\"https:\/\/menorcalplat.com\/joventut\/es\/#\/schema\/person\/352b2b067941f8068928b45adc30eac4\",\"name\":\"Miguel Carret\u00f3n\"}]}<\/script>\n<!-- \/ Yoast SEO plugin. -->","yoast_head_json":{"title":"Fam\u00edlies d\u2019esportistes sol\u00b7liciten tallers d\u2019acompanyament sobre h\u00e0bits alimentaris saludables - Menorca al plat","robots":{"index":"index","follow":"follow","max-snippet":"max-snippet:-1","max-image-preview":"max-image-preview:large","max-video-preview":"max-video-preview:-1"},"canonical":"https:\/\/menorcalplat.com\/joventut\/families-desportistes-solliciten-tallers-dacompanyament-sobre-habits-alimentaris-saludables\/","og_locale":"ca_ES","og_type":"article","og_title":"Fam\u00edlies d\u2019esportistes sol\u00b7liciten tallers d\u2019acompanyament sobre h\u00e0bits alimentaris saludables - Menorca al plat","og_description":"Grups de fam\u00edlies d\u2019equips esportius del club de b\u00e0tminton de Ma\u00f3, del club de r\u00edtmica Ca Nostra de Ciutadella i de tennis des Mercadal han pogut compartir espais de reflexi\u00f3 entorn l\u2019alimentaci\u00f3 saludable per a esportistes en edat infantil i juvenil. El taller consisteix en una xerrada interactiva sobre qu\u00e8 entenem per alimentaci\u00f3 saludable i&hellip;","og_url":"https:\/\/menorcalplat.com\/joventut\/families-desportistes-solliciten-tallers-dacompanyament-sobre-habits-alimentaris-saludables\/","og_site_name":"Menorca al plat","article_published_time":"2021-04-12T11:18:16+00:00","article_modified_time":"2021-04-12T13:01:29+00:00","og_image":[{"width":2000,"height":1500,"url":"https:\/\/menorcalplat.com\/joventut\/wp-content\/uploads\/2021\/04\/tallers-dacompanyament-habits-alimentaris-saludables.jpg","type":"image\/jpeg"}],"author":"Miguel Carret\u00f3n","twitter_card":"summary_large_image","twitter_misc":{"Escrit per":"Miguel Carret\u00f3n","Temps estimat de lectura":"1 minut"},"schema":{"@context":"https:\/\/schema.org","@graph":[{"@type":"WebPage","@id":"https:\/\/menorcalplat.com\/joventut\/families-desportistes-solliciten-tallers-dacompanyament-sobre-habits-alimentaris-saludables\/","url":"https:\/\/menorcalplat.com\/joventut\/families-desportistes-solliciten-tallers-dacompanyament-sobre-habits-alimentaris-saludables\/","name":"Fam\u00edlies d\u2019esportistes sol\u00b7liciten tallers d\u2019acompanyament sobre h\u00e0bits alimentaris saludables - Menorca al plat","isPartOf":{"@id":"https:\/\/menorcalplat.com\/joventut\/es\/#website"},"primaryImageOfPage":{"@id":"https:\/\/menorcalplat.com\/joventut\/families-desportistes-solliciten-tallers-dacompanyament-sobre-habits-alimentaris-saludables\/#primaryimage"},"image":{"@id":"https:\/\/menorcalplat.com\/joventut\/families-desportistes-solliciten-tallers-dacompanyament-sobre-habits-alimentaris-saludables\/#primaryimage"},"thumbnailUrl":"https:\/\/menorcalplat.com\/joventut\/wp-content\/uploads\/2021\/04\/tallers-dacompanyament-habits-alimentaris-saludables.jpg","datePublished":"2021-04-12T11:18:16+00:00","dateModified":"2021-04-12T13:01:29+00:00","author":{"@id":"https:\/\/menorcalplat.com\/joventut\/es\/#\/schema\/person\/352b2b067941f8068928b45adc30eac4"},"inLanguage":"ca","potentialAction":[{"@type":"ReadAction","target":["https:\/\/menorcalplat.com\/joventut\/families-desportistes-solliciten-tallers-dacompanyament-sobre-habits-alimentaris-saludables\/"]}]},{"@type":"ImageObject","inLanguage":"ca","@id":"https:\/\/menorcalplat.com\/joventut\/families-desportistes-solliciten-tallers-dacompanyament-sobre-habits-alimentaris-saludables\/#primaryimage","url":"https:\/\/menorcalplat.com\/joventut\/wp-content\/uploads\/2021\/04\/tallers-dacompanyament-habits-alimentaris-saludables.jpg","contentUrl":"https:\/\/menorcalplat.com\/joventut\/wp-content\/uploads\/2021\/04\/tallers-dacompanyament-habits-alimentaris-saludables.jpg","width":2000,"height":1500,"caption":"tallers-acompanyament-ha\u0300bits-alimentaris-saludables"},{"@type":"WebSite","@id":"https:\/\/menorcalplat.com\/joventut\/es\/#website","url":"https:\/\/menorcalplat.com\/joventut\/es\/","name":"Menorca al plat","description":"de la joventut","potentialAction":[{"@type":"SearchAction","target":{"@type":"EntryPoint","urlTemplate":"https:\/\/menorcalplat.com\/joventut\/es\/?s={search_term_string}"},"query-input":{"@type":"PropertyValueSpecification","valueRequired":true,"valueName":"search_term_string"}}],"inLanguage":"ca"},{"@type":"Person","@id":"https:\/\/menorcalplat.com\/joventut\/es\/#\/schema\/person\/352b2b067941f8068928b45adc30eac4","name":"Miguel Carret\u00f3n"}]}},"_links":{"self":[{"href":"https:\/\/menorcalplat.com\/joventut\/wp-json\/wp\/v2\/posts\/1426"}],"collection":[{"href":"https:\/\/menorcalplat.com\/joventut\/wp-json\/wp\/v2\/posts"}],"about":[{"href":"https:\/\/menorcalplat.com\/joventut\/wp-json\/wp\/v2\/types\/post"}],"author":[{"embeddable":true,"href":"https:\/\/menorcalplat.com\/joventut\/wp-json\/wp\/v2\/users\/2"}],"replies":[{"embeddable":true,"href":"https:\/\/menorcalplat.com\/joventut\/wp-json\/wp\/v2\/comments?post=1426"}],"version-history":[{"count":1,"href":"https:\/\/menorcalplat.com\/joventut\/wp-json\/wp\/v2\/posts\/1426\/revisions"}],"predecessor-version":[{"id":1427,"href":"https:\/\/menorcalplat.com\/joventut\/wp-json\/wp\/v2\/posts\/1426\/revisions\/1427"}],"wp:featuredmedia":[{"embeddable":true,"href":"https:\/\/menorcalplat.com\/joventut\/wp-json\/wp\/v2\/media\/1431"}],"wp:attachment":[{"href":"https:\/\/menorcalplat.com\/joventut\/wp-json\/wp\/v2\/media?parent=1426"}],"wp:term":[{"taxonomy":"category","embeddable":true,"href":"https:\/\/menorcalplat.com\/joventut\/wp-json\/wp\/v2\/categories?post=1426"},{"taxonomy":"post_tag","embeddable":true,"href":"https:\/\/menorcalplat.com\/joventut\/wp-json\/wp\/v2\/tags?post=1426"}],"curies":[{"name":"wp","href":"https:\/\/api.w.org\/{rel}","templated":true}]}}