{"id":1418,"date":"2021-04-12T13:11:24","date_gmt":"2021-04-12T11:11:24","guid":{"rendered":"https:\/\/menorcalplat.com\/joventut\/?p=1418"},"modified":"2021-04-12T13:12:57","modified_gmt":"2021-04-12T11:12:57","slug":"reprenem-els-tallers-presencials-dalimentacio-saludable-i-sostenible-amb-esportistes","status":"publish","type":"post","link":"https:\/\/menorcalplat.com\/joventut\/reprenem-els-tallers-presencials-dalimentacio-saludable-i-sostenible-amb-esportistes\/","title":{"rendered":"Reprenem els tallers presencials d\u2019alimentaci\u00f3 saludable i sostenible amb esportistes"},"content":{"rendered":"\n<p>Les darreres setmanes, els equips esportius dels clubs adherits al programa Integrasport del Consell Insular de Menorca han repr\u00e8s les activitats relacionades amb els h\u00e0bits alimentaris saludables i sostenibles que ofereix l\u2019Associaci\u00f3 Leader Menorca en el marc del projecte Menorca al Plat de la Joventut. <\/p>\n\n\n\n<p>Les sessions es realitzen a peu de pista, abans, durant o despr\u00e9s dels entrenaments esportius habituals, amb l\u2019objectiu principal de crear un espai de reflexi\u00f3, debat i cr\u00edtica sobre l\u2019actual model alimentari, en relaci\u00f3 als seus impactes sobre la salut de les persones, sobre l\u2019entorn m\u00e9s proper i sobre el medi ambient. Tamb\u00e9 es dedica una part de la intervenci\u00f3 a discutir sobre possibles gestos que poden contribuir a transformar l\u2019actual sistema d\u2019alimentaci\u00f3 en un model m\u00e9s saludable, just i respectu\u00f3s. <\/p>\n\n\n\n<p>Les i els esportistes autoavaluen primerament els t\u00edpics berenars i berenetes de joves de la mateixa edat, per aprofundir poc a poc en la composici\u00f3 nutricional dels principals dels aliments sup\u00e8rflues que a dia d\u2019avui omplen els nostres rebosts: els sucres, la sal i els greixos de baixa qualitat apareixen com a primers ingredients; i s\u00f3n, precisament, els nutrients m\u00e9s relacionats amb patologies cardiovasculars com l\u2019exc\u00e9s de pes, la diabetis, la hipertensi\u00f3 i els problemes de colesterol. Donar prioritat als aliments frescos (poc o gens processats), produ\u00efts en proximitat i adquirits localment i sense embolcalls innecessaris s\u00f3n accions que milloren el nostre estil de vida i la salut tant de les persones com del planeta.<\/p>\n","protected":false},"excerpt":{"rendered":"<p>Les darreres setmanes, els equips esportius dels clubs adherits al programa Integrasport del Consell Insular de Menorca han repr\u00e8s les activitats relacionades amb els h\u00e0bits alimentaris saludables i sostenibles que ofereix l\u2019Associaci\u00f3 Leader Menorca en el marc del projecte Menorca al Plat de la Joventut. Les sessions es realitzen a peu de pista, abans, durant&hellip;<\/p>\n","protected":false},"author":2,"featured_media":1421,"comment_status":"closed","ping_status":"closed","sticky":false,"template":"","format":"standard","meta":{"_acf_changed":false,"footnotes":""},"categories":[3],"tags":[],"class_list":["post-1418","post","type-post","status-publish","format-standard","has-post-thumbnail","hentry","category-menu-sostenible"],"acf":[],"yoast_head":"<!-- This site is optimized with the Yoast SEO plugin v23.6 - https:\/\/yoast.com\/wordpress\/plugins\/seo\/ -->\n<title>Reprenem els tallers presencials d\u2019alimentaci\u00f3 saludable i sostenible amb esportistes - Menorca al plat<\/title>\n<meta name=\"robots\" content=\"index, follow, max-snippet:-1, max-image-preview:large, max-video-preview:-1\" \/>\n<link rel=\"canonical\" href=\"https:\/\/menorcalplat.com\/joventut\/reprenem-els-tallers-presencials-dalimentacio-saludable-i-sostenible-amb-esportistes\/\" \/>\n<meta property=\"og:locale\" content=\"ca_ES\" \/>\n<meta property=\"og:type\" content=\"article\" \/>\n<meta property=\"og:title\" content=\"Reprenem els tallers presencials d\u2019alimentaci\u00f3 saludable i sostenible amb esportistes - Menorca al plat\" \/>\n<meta property=\"og:description\" content=\"Les darreres setmanes, els equips esportius dels clubs adherits al programa Integrasport del Consell Insular de Menorca han repr\u00e8s les activitats relacionades amb els h\u00e0bits alimentaris saludables i sostenibles que ofereix l\u2019Associaci\u00f3 Leader Menorca en el marc del projecte Menorca al Plat de la Joventut. Les sessions es realitzen a peu de pista, abans, durant&hellip;\" \/>\n<meta property=\"og:url\" content=\"https:\/\/menorcalplat.com\/joventut\/reprenem-els-tallers-presencials-dalimentacio-saludable-i-sostenible-amb-esportistes\/\" \/>\n<meta property=\"og:site_name\" content=\"Menorca al plat\" \/>\n<meta property=\"article:published_time\" content=\"2021-04-12T11:11:24+00:00\" \/>\n<meta property=\"article:modified_time\" content=\"2021-04-12T11:12:57+00:00\" \/>\n<meta property=\"og:image\" content=\"https:\/\/menorcalplat.com\/joventut\/wp-content\/uploads\/2021\/04\/bereneta-saludable-1-1.jpg\" \/>\n\t<meta property=\"og:image:width\" content=\"1484\" \/>\n\t<meta property=\"og:image:height\" content=\"948\" \/>\n\t<meta property=\"og:image:type\" content=\"image\/jpeg\" \/>\n<meta name=\"author\" content=\"Miguel Carret\u00f3n\" \/>\n<meta name=\"twitter:card\" content=\"summary_large_image\" \/>\n<meta name=\"twitter:label1\" content=\"Escrit per\" \/>\n\t<meta name=\"twitter:data1\" content=\"Miguel Carret\u00f3n\" \/>\n\t<meta name=\"twitter:label2\" content=\"Temps estimat de lectura\" \/>\n\t<meta name=\"twitter:data2\" content=\"2 minuts\" \/>\n<script type=\"application\/ld+json\" class=\"yoast-schema-graph\">{\"@context\":\"https:\/\/schema.org\",\"@graph\":[{\"@type\":\"WebPage\",\"@id\":\"https:\/\/menorcalplat.com\/joventut\/reprenem-els-tallers-presencials-dalimentacio-saludable-i-sostenible-amb-esportistes\/\",\"url\":\"https:\/\/menorcalplat.com\/joventut\/reprenem-els-tallers-presencials-dalimentacio-saludable-i-sostenible-amb-esportistes\/\",\"name\":\"Reprenem els tallers presencials d\u2019alimentaci\u00f3 saludable i sostenible amb esportistes - Menorca al plat\",\"isPartOf\":{\"@id\":\"https:\/\/menorcalplat.com\/joventut\/es\/#website\"},\"primaryImageOfPage\":{\"@id\":\"https:\/\/menorcalplat.com\/joventut\/reprenem-els-tallers-presencials-dalimentacio-saludable-i-sostenible-amb-esportistes\/#primaryimage\"},\"image\":{\"@id\":\"https:\/\/menorcalplat.com\/joventut\/reprenem-els-tallers-presencials-dalimentacio-saludable-i-sostenible-amb-esportistes\/#primaryimage\"},\"thumbnailUrl\":\"https:\/\/menorcalplat.com\/joventut\/wp-content\/uploads\/2021\/04\/bereneta-saludable-1-1.jpg\",\"datePublished\":\"2021-04-12T11:11:24+00:00\",\"dateModified\":\"2021-04-12T11:12:57+00:00\",\"author\":{\"@id\":\"https:\/\/menorcalplat.com\/joventut\/es\/#\/schema\/person\/352b2b067941f8068928b45adc30eac4\"},\"inLanguage\":\"ca\",\"potentialAction\":[{\"@type\":\"ReadAction\",\"target\":[\"https:\/\/menorcalplat.com\/joventut\/reprenem-els-tallers-presencials-dalimentacio-saludable-i-sostenible-amb-esportistes\/\"]}]},{\"@type\":\"ImageObject\",\"inLanguage\":\"ca\",\"@id\":\"https:\/\/menorcalplat.com\/joventut\/reprenem-els-tallers-presencials-dalimentacio-saludable-i-sostenible-amb-esportistes\/#primaryimage\",\"url\":\"https:\/\/menorcalplat.com\/joventut\/wp-content\/uploads\/2021\/04\/bereneta-saludable-1-1.jpg\",\"contentUrl\":\"https:\/\/menorcalplat.com\/joventut\/wp-content\/uploads\/2021\/04\/bereneta-saludable-1-1.jpg\",\"width\":1484,\"height\":948},{\"@type\":\"WebSite\",\"@id\":\"https:\/\/menorcalplat.com\/joventut\/es\/#website\",\"url\":\"https:\/\/menorcalplat.com\/joventut\/es\/\",\"name\":\"Menorca al plat\",\"description\":\"de la joventut\",\"potentialAction\":[{\"@type\":\"SearchAction\",\"target\":{\"@type\":\"EntryPoint\",\"urlTemplate\":\"https:\/\/menorcalplat.com\/joventut\/es\/?s={search_term_string}\"},\"query-input\":{\"@type\":\"PropertyValueSpecification\",\"valueRequired\":true,\"valueName\":\"search_term_string\"}}],\"inLanguage\":\"ca\"},{\"@type\":\"Person\",\"@id\":\"https:\/\/menorcalplat.com\/joventut\/es\/#\/schema\/person\/352b2b067941f8068928b45adc30eac4\",\"name\":\"Miguel Carret\u00f3n\"}]}<\/script>\n<!-- \/ Yoast SEO plugin. -->","yoast_head_json":{"title":"Reprenem els tallers presencials d\u2019alimentaci\u00f3 saludable i sostenible amb esportistes - Menorca al plat","robots":{"index":"index","follow":"follow","max-snippet":"max-snippet:-1","max-image-preview":"max-image-preview:large","max-video-preview":"max-video-preview:-1"},"canonical":"https:\/\/menorcalplat.com\/joventut\/reprenem-els-tallers-presencials-dalimentacio-saludable-i-sostenible-amb-esportistes\/","og_locale":"ca_ES","og_type":"article","og_title":"Reprenem els tallers presencials d\u2019alimentaci\u00f3 saludable i sostenible amb esportistes - Menorca al plat","og_description":"Les darreres setmanes, els equips esportius dels clubs adherits al programa Integrasport del Consell Insular de Menorca han repr\u00e8s les activitats relacionades amb els h\u00e0bits alimentaris saludables i sostenibles que ofereix l\u2019Associaci\u00f3 Leader Menorca en el marc del projecte Menorca al Plat de la Joventut. Les sessions es realitzen a peu de pista, abans, durant&hellip;","og_url":"https:\/\/menorcalplat.com\/joventut\/reprenem-els-tallers-presencials-dalimentacio-saludable-i-sostenible-amb-esportistes\/","og_site_name":"Menorca al plat","article_published_time":"2021-04-12T11:11:24+00:00","article_modified_time":"2021-04-12T11:12:57+00:00","og_image":[{"width":1484,"height":948,"url":"https:\/\/menorcalplat.com\/joventut\/wp-content\/uploads\/2021\/04\/bereneta-saludable-1-1.jpg","type":"image\/jpeg"}],"author":"Miguel Carret\u00f3n","twitter_card":"summary_large_image","twitter_misc":{"Escrit per":"Miguel Carret\u00f3n","Temps estimat de lectura":"2 minuts"},"schema":{"@context":"https:\/\/schema.org","@graph":[{"@type":"WebPage","@id":"https:\/\/menorcalplat.com\/joventut\/reprenem-els-tallers-presencials-dalimentacio-saludable-i-sostenible-amb-esportistes\/","url":"https:\/\/menorcalplat.com\/joventut\/reprenem-els-tallers-presencials-dalimentacio-saludable-i-sostenible-amb-esportistes\/","name":"Reprenem els tallers presencials d\u2019alimentaci\u00f3 saludable i sostenible amb esportistes - Menorca al plat","isPartOf":{"@id":"https:\/\/menorcalplat.com\/joventut\/es\/#website"},"primaryImageOfPage":{"@id":"https:\/\/menorcalplat.com\/joventut\/reprenem-els-tallers-presencials-dalimentacio-saludable-i-sostenible-amb-esportistes\/#primaryimage"},"image":{"@id":"https:\/\/menorcalplat.com\/joventut\/reprenem-els-tallers-presencials-dalimentacio-saludable-i-sostenible-amb-esportistes\/#primaryimage"},"thumbnailUrl":"https:\/\/menorcalplat.com\/joventut\/wp-content\/uploads\/2021\/04\/bereneta-saludable-1-1.jpg","datePublished":"2021-04-12T11:11:24+00:00","dateModified":"2021-04-12T11:12:57+00:00","author":{"@id":"https:\/\/menorcalplat.com\/joventut\/es\/#\/schema\/person\/352b2b067941f8068928b45adc30eac4"},"inLanguage":"ca","potentialAction":[{"@type":"ReadAction","target":["https:\/\/menorcalplat.com\/joventut\/reprenem-els-tallers-presencials-dalimentacio-saludable-i-sostenible-amb-esportistes\/"]}]},{"@type":"ImageObject","inLanguage":"ca","@id":"https:\/\/menorcalplat.com\/joventut\/reprenem-els-tallers-presencials-dalimentacio-saludable-i-sostenible-amb-esportistes\/#primaryimage","url":"https:\/\/menorcalplat.com\/joventut\/wp-content\/uploads\/2021\/04\/bereneta-saludable-1-1.jpg","contentUrl":"https:\/\/menorcalplat.com\/joventut\/wp-content\/uploads\/2021\/04\/bereneta-saludable-1-1.jpg","width":1484,"height":948},{"@type":"WebSite","@id":"https:\/\/menorcalplat.com\/joventut\/es\/#website","url":"https:\/\/menorcalplat.com\/joventut\/es\/","name":"Menorca al plat","description":"de la joventut","potentialAction":[{"@type":"SearchAction","target":{"@type":"EntryPoint","urlTemplate":"https:\/\/menorcalplat.com\/joventut\/es\/?s={search_term_string}"},"query-input":{"@type":"PropertyValueSpecification","valueRequired":true,"valueName":"search_term_string"}}],"inLanguage":"ca"},{"@type":"Person","@id":"https:\/\/menorcalplat.com\/joventut\/es\/#\/schema\/person\/352b2b067941f8068928b45adc30eac4","name":"Miguel Carret\u00f3n"}]}},"_links":{"self":[{"href":"https:\/\/menorcalplat.com\/joventut\/wp-json\/wp\/v2\/posts\/1418"}],"collection":[{"href":"https:\/\/menorcalplat.com\/joventut\/wp-json\/wp\/v2\/posts"}],"about":[{"href":"https:\/\/menorcalplat.com\/joventut\/wp-json\/wp\/v2\/types\/post"}],"author":[{"embeddable":true,"href":"https:\/\/menorcalplat.com\/joventut\/wp-json\/wp\/v2\/users\/2"}],"replies":[{"embeddable":true,"href":"https:\/\/menorcalplat.com\/joventut\/wp-json\/wp\/v2\/comments?post=1418"}],"version-history":[{"count":1,"href":"https:\/\/menorcalplat.com\/joventut\/wp-json\/wp\/v2\/posts\/1418\/revisions"}],"predecessor-version":[{"id":1423,"href":"https:\/\/menorcalplat.com\/joventut\/wp-json\/wp\/v2\/posts\/1418\/revisions\/1423"}],"wp:featuredmedia":[{"embeddable":true,"href":"https:\/\/menorcalplat.com\/joventut\/wp-json\/wp\/v2\/media\/1421"}],"wp:attachment":[{"href":"https:\/\/menorcalplat.com\/joventut\/wp-json\/wp\/v2\/media?parent=1418"}],"wp:term":[{"taxonomy":"category","embeddable":true,"href":"https:\/\/menorcalplat.com\/joventut\/wp-json\/wp\/v2\/categories?post=1418"},{"taxonomy":"post_tag","embeddable":true,"href":"https:\/\/menorcalplat.com\/joventut\/wp-json\/wp\/v2\/tags?post=1418"}],"curies":[{"name":"wp","href":"https:\/\/api.w.org\/{rel}","templated":true}]}}