{"id":765,"date":"2020-11-24T12:37:25","date_gmt":"2020-11-24T11:37:25","guid":{"rendered":"http:\/\/menorcalplat.com\/joventut\/menorca-al-plat-de-la-joventut-a-la-revista-somiatruites\/"},"modified":"2020-11-24T15:55:58","modified_gmt":"2020-11-24T14:55:58","slug":"menorca-al-plat-de-la-joventut-a-la-revista-somiatruites","status":"publish","type":"post","link":"https:\/\/menorcalplat.com\/joventut\/es\/menorca-al-plat-de-la-joventut-a-la-revista-somiatruites\/","title":{"rendered":"Menorca al plato de la Juventud en la revista Somiatruites"},"content":{"rendered":"\n<p>La revista gratuita Somiatruites, dirigida a los m\u00e1s peque\u00f1os de la casa se ha hecho eco este mes de noviembre del proyecto Menorca al Plato de la Juventud. <\/p>\n\n\n\n<p>En las p\u00e1ginas 28 y 29 pod\u00e9is encontrar diferentes maneras de cocinar tres de los alimentos que el campo nos ofrece en esta \u00e9poca del a\u00f1o. \u00bfA qui\u00e9n no le gusta una manzana, una granada o una mandarina? Esta es su estaci\u00f3n y est\u00e1n en su mejor momento de maduraci\u00f3n. Sin embargo, casi siempre nos las comemos de postres o bien entre horas y sin cocinar. Estas frutas, como todas las otras, tienen muchas posibilidades y las podemos consumir de muchas otras maneras. En este n\u00famero de Somiatruites os proponemos solamente algunas, sobre todo para daros ideas de recetas muy sencillas para que los m\u00e1s j\u00f3venes las puedan preparar como postre, merienda o en desayunos.<\/p>\n\n\n\n<p>Por ejemplo, podemos preparar unas deliciosas rodajas de manzana con miel de Menorca, o una brocheta de mandarina con manzana o un batido de granada y yogur natural. <\/p>\n\n\n\n<p>\u00a1Seguro que a ti se te acuden muchas m\u00e1s ideas!<\/p>\n","protected":false},"excerpt":{"rendered":"<p>La revista gratuita Somiatruites, dirigida a los m\u00e1s peque\u00f1os de la casa se ha hecho eco este mes de noviembre del proyecto Menorca al Plato de la Juventud. En las p\u00e1ginas 28 y 29 pod\u00e9is encontrar diferentes maneras de cocinar tres de los alimentos que el campo nos ofrece en esta \u00e9poca del a\u00f1o. \u00bfA&hellip;<\/p>\n","protected":false},"author":2,"featured_media":768,"comment_status":"closed","ping_status":"closed","sticky":false,"template":"","format":"standard","meta":{"_acf_changed":false,"footnotes":""},"categories":[13],"tags":[],"class_list":["post-765","post","type-post","status-publish","format-standard","has-post-thumbnail","hentry","category-sin-categorizar"],"acf":[],"yoast_head":"<!-- This site is optimized with the Yoast SEO plugin v23.6 - https:\/\/yoast.com\/wordpress\/plugins\/seo\/ -->\n<title>Menorca al plato de la Juventud en la revista Somiatruites - Menorca al plat<\/title>\n<meta name=\"robots\" content=\"index, follow, max-snippet:-1, max-image-preview:large, max-video-preview:-1\" \/>\n<link rel=\"canonical\" href=\"https:\/\/menorcalplat.com\/joventut\/es\/menorca-al-plat-de-la-joventut-a-la-revista-somiatruites\/\" \/>\n<meta property=\"og:locale\" content=\"es_ES\" \/>\n<meta property=\"og:type\" content=\"article\" \/>\n<meta property=\"og:title\" content=\"Menorca al plato de la Juventud en la revista Somiatruites - Menorca al plat\" \/>\n<meta property=\"og:description\" content=\"La revista gratuita Somiatruites, dirigida a los m\u00e1s peque\u00f1os de la casa se ha hecho eco este mes de noviembre del proyecto Menorca al Plato de la Juventud. En las p\u00e1ginas 28 y 29 pod\u00e9is encontrar diferentes maneras de cocinar tres de los alimentos que el campo nos ofrece en esta \u00e9poca del a\u00f1o. \u00bfA&hellip;\" \/>\n<meta property=\"og:url\" content=\"https:\/\/menorcalplat.com\/joventut\/es\/menorca-al-plat-de-la-joventut-a-la-revista-somiatruites\/\" \/>\n<meta property=\"og:site_name\" content=\"Menorca al plat\" \/>\n<meta property=\"article:published_time\" content=\"2020-11-24T11:37:25+00:00\" \/>\n<meta property=\"article:modified_time\" content=\"2020-11-24T14:55:58+00:00\" \/>\n<meta property=\"og:image\" content=\"https:\/\/menorcalplat.com\/joventut\/wp-content\/uploads\/2020\/11\/somiatruites-menorca-al-plat-joventut-1.jpg\" \/>\n\t<meta property=\"og:image:width\" content=\"1738\" \/>\n\t<meta property=\"og:image:height\" content=\"1303\" \/>\n\t<meta property=\"og:image:type\" content=\"image\/jpeg\" \/>\n<meta name=\"author\" content=\"Miguel Carret\u00f3n\" \/>\n<meta name=\"twitter:card\" content=\"summary_large_image\" \/>\n<meta name=\"twitter:label1\" content=\"Escrito por\" \/>\n\t<meta name=\"twitter:data1\" content=\"Miguel Carret\u00f3n\" \/>\n\t<meta name=\"twitter:label2\" content=\"Tiempo de lectura\" \/>\n\t<meta name=\"twitter:data2\" content=\"1 minuto\" \/>\n<script type=\"application\/ld+json\" class=\"yoast-schema-graph\">{\"@context\":\"https:\/\/schema.org\",\"@graph\":[{\"@type\":\"WebPage\",\"@id\":\"https:\/\/menorcalplat.com\/joventut\/es\/menorca-al-plat-de-la-joventut-a-la-revista-somiatruites\/\",\"url\":\"https:\/\/menorcalplat.com\/joventut\/es\/menorca-al-plat-de-la-joventut-a-la-revista-somiatruites\/\",\"name\":\"Menorca al plato de la Juventud en la revista Somiatruites - Menorca al plat\",\"isPartOf\":{\"@id\":\"https:\/\/menorcalplat.com\/joventut\/es\/#website\"},\"primaryImageOfPage\":{\"@id\":\"https:\/\/menorcalplat.com\/joventut\/es\/menorca-al-plat-de-la-joventut-a-la-revista-somiatruites\/#primaryimage\"},\"image\":{\"@id\":\"https:\/\/menorcalplat.com\/joventut\/es\/menorca-al-plat-de-la-joventut-a-la-revista-somiatruites\/#primaryimage\"},\"thumbnailUrl\":\"https:\/\/menorcalplat.com\/joventut\/wp-content\/uploads\/2020\/11\/somiatruites-menorca-al-plat-joventut-1.jpg\",\"datePublished\":\"2020-11-24T11:37:25+00:00\",\"dateModified\":\"2020-11-24T14:55:58+00:00\",\"author\":{\"@id\":\"https:\/\/menorcalplat.com\/joventut\/es\/#\/schema\/person\/352b2b067941f8068928b45adc30eac4\"},\"inLanguage\":\"es\",\"potentialAction\":[{\"@type\":\"ReadAction\",\"target\":[\"https:\/\/menorcalplat.com\/joventut\/es\/menorca-al-plat-de-la-joventut-a-la-revista-somiatruites\/\"]}]},{\"@type\":\"ImageObject\",\"inLanguage\":\"es\",\"@id\":\"https:\/\/menorcalplat.com\/joventut\/es\/menorca-al-plat-de-la-joventut-a-la-revista-somiatruites\/#primaryimage\",\"url\":\"https:\/\/menorcalplat.com\/joventut\/wp-content\/uploads\/2020\/11\/somiatruites-menorca-al-plat-joventut-1.jpg\",\"contentUrl\":\"https:\/\/menorcalplat.com\/joventut\/wp-content\/uploads\/2020\/11\/somiatruites-menorca-al-plat-joventut-1.jpg\",\"width\":1738,\"height\":1303,\"caption\":\"Somiatruites-menorca-al-plat-joventut\"},{\"@type\":\"WebSite\",\"@id\":\"https:\/\/menorcalplat.com\/joventut\/es\/#website\",\"url\":\"https:\/\/menorcalplat.com\/joventut\/es\/\",\"name\":\"Menorca al plat\",\"description\":\"de la joventut\",\"potentialAction\":[{\"@type\":\"SearchAction\",\"target\":{\"@type\":\"EntryPoint\",\"urlTemplate\":\"https:\/\/menorcalplat.com\/joventut\/es\/?s={search_term_string}\"},\"query-input\":{\"@type\":\"PropertyValueSpecification\",\"valueRequired\":true,\"valueName\":\"search_term_string\"}}],\"inLanguage\":\"es\"},{\"@type\":\"Person\",\"@id\":\"https:\/\/menorcalplat.com\/joventut\/es\/#\/schema\/person\/352b2b067941f8068928b45adc30eac4\",\"name\":\"Miguel Carret\u00f3n\"}]}<\/script>\n<!-- \/ Yoast SEO plugin. -->","yoast_head_json":{"title":"Menorca al plato de la Juventud en la revista Somiatruites - Menorca al plat","robots":{"index":"index","follow":"follow","max-snippet":"max-snippet:-1","max-image-preview":"max-image-preview:large","max-video-preview":"max-video-preview:-1"},"canonical":"https:\/\/menorcalplat.com\/joventut\/es\/menorca-al-plat-de-la-joventut-a-la-revista-somiatruites\/","og_locale":"es_ES","og_type":"article","og_title":"Menorca al plato de la Juventud en la revista Somiatruites - Menorca al plat","og_description":"La revista gratuita Somiatruites, dirigida a los m\u00e1s peque\u00f1os de la casa se ha hecho eco este mes de noviembre del proyecto Menorca al Plato de la Juventud. En las p\u00e1ginas 28 y 29 pod\u00e9is encontrar diferentes maneras de cocinar tres de los alimentos que el campo nos ofrece en esta \u00e9poca del a\u00f1o. \u00bfA&hellip;","og_url":"https:\/\/menorcalplat.com\/joventut\/es\/menorca-al-plat-de-la-joventut-a-la-revista-somiatruites\/","og_site_name":"Menorca al plat","article_published_time":"2020-11-24T11:37:25+00:00","article_modified_time":"2020-11-24T14:55:58+00:00","og_image":[{"width":1738,"height":1303,"url":"https:\/\/menorcalplat.com\/joventut\/wp-content\/uploads\/2020\/11\/somiatruites-menorca-al-plat-joventut-1.jpg","type":"image\/jpeg"}],"author":"Miguel Carret\u00f3n","twitter_card":"summary_large_image","twitter_misc":{"Escrito por":"Miguel Carret\u00f3n","Tiempo de lectura":"1 minuto"},"schema":{"@context":"https:\/\/schema.org","@graph":[{"@type":"WebPage","@id":"https:\/\/menorcalplat.com\/joventut\/es\/menorca-al-plat-de-la-joventut-a-la-revista-somiatruites\/","url":"https:\/\/menorcalplat.com\/joventut\/es\/menorca-al-plat-de-la-joventut-a-la-revista-somiatruites\/","name":"Menorca al plato de la Juventud en la revista Somiatruites - Menorca al plat","isPartOf":{"@id":"https:\/\/menorcalplat.com\/joventut\/es\/#website"},"primaryImageOfPage":{"@id":"https:\/\/menorcalplat.com\/joventut\/es\/menorca-al-plat-de-la-joventut-a-la-revista-somiatruites\/#primaryimage"},"image":{"@id":"https:\/\/menorcalplat.com\/joventut\/es\/menorca-al-plat-de-la-joventut-a-la-revista-somiatruites\/#primaryimage"},"thumbnailUrl":"https:\/\/menorcalplat.com\/joventut\/wp-content\/uploads\/2020\/11\/somiatruites-menorca-al-plat-joventut-1.jpg","datePublished":"2020-11-24T11:37:25+00:00","dateModified":"2020-11-24T14:55:58+00:00","author":{"@id":"https:\/\/menorcalplat.com\/joventut\/es\/#\/schema\/person\/352b2b067941f8068928b45adc30eac4"},"inLanguage":"es","potentialAction":[{"@type":"ReadAction","target":["https:\/\/menorcalplat.com\/joventut\/es\/menorca-al-plat-de-la-joventut-a-la-revista-somiatruites\/"]}]},{"@type":"ImageObject","inLanguage":"es","@id":"https:\/\/menorcalplat.com\/joventut\/es\/menorca-al-plat-de-la-joventut-a-la-revista-somiatruites\/#primaryimage","url":"https:\/\/menorcalplat.com\/joventut\/wp-content\/uploads\/2020\/11\/somiatruites-menorca-al-plat-joventut-1.jpg","contentUrl":"https:\/\/menorcalplat.com\/joventut\/wp-content\/uploads\/2020\/11\/somiatruites-menorca-al-plat-joventut-1.jpg","width":1738,"height":1303,"caption":"Somiatruites-menorca-al-plat-joventut"},{"@type":"WebSite","@id":"https:\/\/menorcalplat.com\/joventut\/es\/#website","url":"https:\/\/menorcalplat.com\/joventut\/es\/","name":"Menorca al plat","description":"de la joventut","potentialAction":[{"@type":"SearchAction","target":{"@type":"EntryPoint","urlTemplate":"https:\/\/menorcalplat.com\/joventut\/es\/?s={search_term_string}"},"query-input":{"@type":"PropertyValueSpecification","valueRequired":true,"valueName":"search_term_string"}}],"inLanguage":"es"},{"@type":"Person","@id":"https:\/\/menorcalplat.com\/joventut\/es\/#\/schema\/person\/352b2b067941f8068928b45adc30eac4","name":"Miguel Carret\u00f3n"}]}},"_links":{"self":[{"href":"https:\/\/menorcalplat.com\/joventut\/es\/wp-json\/wp\/v2\/posts\/765"}],"collection":[{"href":"https:\/\/menorcalplat.com\/joventut\/es\/wp-json\/wp\/v2\/posts"}],"about":[{"href":"https:\/\/menorcalplat.com\/joventut\/es\/wp-json\/wp\/v2\/types\/post"}],"author":[{"embeddable":true,"href":"https:\/\/menorcalplat.com\/joventut\/es\/wp-json\/wp\/v2\/users\/2"}],"replies":[{"embeddable":true,"href":"https:\/\/menorcalplat.com\/joventut\/es\/wp-json\/wp\/v2\/comments?post=765"}],"version-history":[{"count":4,"href":"https:\/\/menorcalplat.com\/joventut\/es\/wp-json\/wp\/v2\/posts\/765\/revisions"}],"predecessor-version":[{"id":773,"href":"https:\/\/menorcalplat.com\/joventut\/es\/wp-json\/wp\/v2\/posts\/765\/revisions\/773"}],"wp:featuredmedia":[{"embeddable":true,"href":"https:\/\/menorcalplat.com\/joventut\/es\/wp-json\/wp\/v2\/media\/768"}],"wp:attachment":[{"href":"https:\/\/menorcalplat.com\/joventut\/es\/wp-json\/wp\/v2\/media?parent=765"}],"wp:term":[{"taxonomy":"category","embeddable":true,"href":"https:\/\/menorcalplat.com\/joventut\/es\/wp-json\/wp\/v2\/categories?post=765"},{"taxonomy":"post_tag","embeddable":true,"href":"https:\/\/menorcalplat.com\/joventut\/es\/wp-json\/wp\/v2\/tags?post=765"}],"curies":[{"name":"wp","href":"https:\/\/api.w.org\/{rel}","templated":true}]}}