{"id":1497,"date":"2022-02-04T12:05:28","date_gmt":"2022-02-04T11:05:28","guid":{"rendered":"https:\/\/menorcalplat.com\/joventut\/romanesco-local-ecologico-y-fuera-de-serie-para-deportistas\/"},"modified":"2022-02-04T12:05:28","modified_gmt":"2022-02-04T11:05:28","slug":"romanesco-local-ecologico-y-fuera-de-serie-para-deportistas","status":"publish","type":"post","link":"https:\/\/menorcalplat.com\/joventut\/es\/romanesco-local-ecologico-y-fuera-de-serie-para-deportistas\/","title":{"rendered":"Romanesco local, ecol\u00f3gico y Fuera de serie para deportistas!"},"content":{"rendered":"\n<p>En el marco del proyecto Menorca al Plato de la Juventud y en colaboraci\u00f3n con el programa Integrasport &#8211; Ponemos valores al Deporte del Servicio de Deportes del Consell Insular de Menorca, realizamos talleres en los clubes deportivos para fomentar una dieta saludable y sostenible.<\/p>\n\n<p>La semana pasada, los equipos \u201cmines\u201d de baloncesto del club deportivo de Sant Llu\u00eds recibieron la visita de Sergio, el pag\u00e9s de la <a href=\"https:\/\/www.facebook.com\/EcologicSantoDomingo\/\" target=\"_blank\" rel=\"noopener\">finca Santo Domingo<\/a>, que lleg\u00f3 cargado de romanescos ecol\u00f3gicos (y gigantes!), para entregar uno a cada deportista.<\/p>\n\n<p>Este tipo de acciones, adem\u00e1s de cumplir con el objetivo de promocionar los h\u00e1bitos alimentarios saludables y de acercar la juventud al el campo de Menorca, contribuyen a dar respuesta ante el gran excedente alimentario que puntualmente se da en la isla y a evitar las p\u00e9rdidas y el desperdicio de alimentos.<\/p>\n\n<p>As\u00ed mismo, la intervenci\u00f3n se aprovech\u00f3 para hacer llegar a las familias una hoja descriptiva del romanesco, que inclu\u00eda varias propuestas culinarias, para sacarle el m\u00e1ximo provecho, y una reflexi\u00f3n sobre el actual modelo alimentario.<\/p>\n\n<p>Y vosotros, \u00bfhab\u00e9is comido alguna vez romanesco? Lo pod\u00e9is hacer cocido y ali\u00f1ado con aceite de oliva virgen; o al horno, gratinado con queso de Menorca; tambi\u00e9n en forma de crema con un poco de patata y romero, o salteado con ajito y un huevo poch\u00e9, o incluso en forma de pastel, de quiche y de raolas. Est\u00e1 buen\u00edsimo&#8230; buen provecho!<\/p>\n","protected":false},"excerpt":{"rendered":"<p>En el marco del proyecto Menorca al Plato de la Juventud y en colaboraci\u00f3n con el programa Integrasport &#8211; Ponemos valores al Deporte del Servicio de Deportes del Consell Insular de Menorca, realizamos talleres en los clubes deportivos para fomentar una dieta saludable y sostenible. La semana pasada, los equipos \u201cmines\u201d de baloncesto del club&hellip;<\/p>\n","protected":false},"author":2,"featured_media":1493,"comment_status":"closed","ping_status":"closed","sticky":false,"template":"","format":"standard","meta":{"_acf_changed":false,"footnotes":""},"categories":[27,28],"tags":[],"class_list":["post-1497","post","type-post","status-publish","format-standard","has-post-thumbnail","hentry","category-sant-lluis-es","category-verdura-es"],"acf":[],"yoast_head":"<!-- This site is optimized with the Yoast SEO plugin v23.6 - https:\/\/yoast.com\/wordpress\/plugins\/seo\/ -->\n<title>Romanesco local, ecol\u00f3gico y Fuera de serie para deportistas! - Menorca al plat<\/title>\n<meta name=\"robots\" content=\"index, follow, max-snippet:-1, max-image-preview:large, max-video-preview:-1\" \/>\n<link rel=\"canonical\" href=\"https:\/\/menorcalplat.com\/joventut\/es\/romanesco-local-ecologico-y-fuera-de-serie-para-deportistas\/\" \/>\n<meta property=\"og:locale\" content=\"es_ES\" \/>\n<meta property=\"og:type\" content=\"article\" \/>\n<meta property=\"og:title\" content=\"Romanesco local, ecol\u00f3gico y Fuera de serie para deportistas! - Menorca al plat\" \/>\n<meta property=\"og:description\" content=\"En el marco del proyecto Menorca al Plato de la Juventud y en colaboraci\u00f3n con el programa Integrasport &#8211; Ponemos valores al Deporte del Servicio de Deportes del Consell Insular de Menorca, realizamos talleres en los clubes deportivos para fomentar una dieta saludable y sostenible. La semana pasada, los equipos \u201cmines\u201d de baloncesto del club&hellip;\" \/>\n<meta property=\"og:url\" content=\"https:\/\/menorcalplat.com\/joventut\/es\/romanesco-local-ecologico-y-fuera-de-serie-para-deportistas\/\" \/>\n<meta property=\"og:site_name\" content=\"Menorca al plat\" \/>\n<meta property=\"article:published_time\" content=\"2022-02-04T11:05:28+00:00\" \/>\n<meta property=\"og:image\" content=\"https:\/\/menorcalplat.com\/joventut\/wp-content\/uploads\/2022\/02\/romanesco-ecologic-menorca-al-plat.jpg\" \/>\n\t<meta property=\"og:image:width\" content=\"1600\" \/>\n\t<meta property=\"og:image:height\" content=\"1036\" \/>\n\t<meta property=\"og:image:type\" content=\"image\/jpeg\" \/>\n<meta name=\"author\" content=\"Miguel Carret\u00f3n\" \/>\n<meta name=\"twitter:card\" content=\"summary_large_image\" \/>\n<meta name=\"twitter:label1\" content=\"Escrito por\" \/>\n\t<meta name=\"twitter:data1\" content=\"Miguel Carret\u00f3n\" \/>\n\t<meta name=\"twitter:label2\" content=\"Tiempo de lectura\" \/>\n\t<meta name=\"twitter:data2\" content=\"1 minuto\" \/>\n<script type=\"application\/ld+json\" class=\"yoast-schema-graph\">{\"@context\":\"https:\/\/schema.org\",\"@graph\":[{\"@type\":\"WebPage\",\"@id\":\"https:\/\/menorcalplat.com\/joventut\/es\/romanesco-local-ecologico-y-fuera-de-serie-para-deportistas\/\",\"url\":\"https:\/\/menorcalplat.com\/joventut\/es\/romanesco-local-ecologico-y-fuera-de-serie-para-deportistas\/\",\"name\":\"Romanesco local, ecol\u00f3gico y Fuera de serie para deportistas! - Menorca al plat\",\"isPartOf\":{\"@id\":\"https:\/\/menorcalplat.com\/joventut\/es\/#website\"},\"primaryImageOfPage\":{\"@id\":\"https:\/\/menorcalplat.com\/joventut\/es\/romanesco-local-ecologico-y-fuera-de-serie-para-deportistas\/#primaryimage\"},\"image\":{\"@id\":\"https:\/\/menorcalplat.com\/joventut\/es\/romanesco-local-ecologico-y-fuera-de-serie-para-deportistas\/#primaryimage\"},\"thumbnailUrl\":\"https:\/\/menorcalplat.com\/joventut\/wp-content\/uploads\/2022\/02\/romanesco-ecologic-menorca-al-plat.jpg\",\"datePublished\":\"2022-02-04T11:05:28+00:00\",\"dateModified\":\"2022-02-04T11:05:28+00:00\",\"author\":{\"@id\":\"https:\/\/menorcalplat.com\/joventut\/es\/#\/schema\/person\/352b2b067941f8068928b45adc30eac4\"},\"inLanguage\":\"es\",\"potentialAction\":[{\"@type\":\"ReadAction\",\"target\":[\"https:\/\/menorcalplat.com\/joventut\/es\/romanesco-local-ecologico-y-fuera-de-serie-para-deportistas\/\"]}]},{\"@type\":\"ImageObject\",\"inLanguage\":\"es\",\"@id\":\"https:\/\/menorcalplat.com\/joventut\/es\/romanesco-local-ecologico-y-fuera-de-serie-para-deportistas\/#primaryimage\",\"url\":\"https:\/\/menorcalplat.com\/joventut\/wp-content\/uploads\/2022\/02\/romanesco-ecologic-menorca-al-plat.jpg\",\"contentUrl\":\"https:\/\/menorcalplat.com\/joventut\/wp-content\/uploads\/2022\/02\/romanesco-ecologic-menorca-al-plat.jpg\",\"width\":1600,\"height\":1036,\"caption\":\"Romanesco-ecologic-menorca-al-plat\"},{\"@type\":\"WebSite\",\"@id\":\"https:\/\/menorcalplat.com\/joventut\/es\/#website\",\"url\":\"https:\/\/menorcalplat.com\/joventut\/es\/\",\"name\":\"Menorca al plat\",\"description\":\"de la joventut\",\"potentialAction\":[{\"@type\":\"SearchAction\",\"target\":{\"@type\":\"EntryPoint\",\"urlTemplate\":\"https:\/\/menorcalplat.com\/joventut\/es\/?s={search_term_string}\"},\"query-input\":{\"@type\":\"PropertyValueSpecification\",\"valueRequired\":true,\"valueName\":\"search_term_string\"}}],\"inLanguage\":\"es\"},{\"@type\":\"Person\",\"@id\":\"https:\/\/menorcalplat.com\/joventut\/es\/#\/schema\/person\/352b2b067941f8068928b45adc30eac4\",\"name\":\"Miguel Carret\u00f3n\"}]}<\/script>\n<!-- \/ Yoast SEO plugin. -->","yoast_head_json":{"title":"Romanesco local, ecol\u00f3gico y Fuera de serie para deportistas! - Menorca al plat","robots":{"index":"index","follow":"follow","max-snippet":"max-snippet:-1","max-image-preview":"max-image-preview:large","max-video-preview":"max-video-preview:-1"},"canonical":"https:\/\/menorcalplat.com\/joventut\/es\/romanesco-local-ecologico-y-fuera-de-serie-para-deportistas\/","og_locale":"es_ES","og_type":"article","og_title":"Romanesco local, ecol\u00f3gico y Fuera de serie para deportistas! - Menorca al plat","og_description":"En el marco del proyecto Menorca al Plato de la Juventud y en colaboraci\u00f3n con el programa Integrasport &#8211; Ponemos valores al Deporte del Servicio de Deportes del Consell Insular de Menorca, realizamos talleres en los clubes deportivos para fomentar una dieta saludable y sostenible. La semana pasada, los equipos \u201cmines\u201d de baloncesto del club&hellip;","og_url":"https:\/\/menorcalplat.com\/joventut\/es\/romanesco-local-ecologico-y-fuera-de-serie-para-deportistas\/","og_site_name":"Menorca al plat","article_published_time":"2022-02-04T11:05:28+00:00","og_image":[{"width":1600,"height":1036,"url":"https:\/\/menorcalplat.com\/joventut\/wp-content\/uploads\/2022\/02\/romanesco-ecologic-menorca-al-plat.jpg","type":"image\/jpeg"}],"author":"Miguel Carret\u00f3n","twitter_card":"summary_large_image","twitter_misc":{"Escrito por":"Miguel Carret\u00f3n","Tiempo de lectura":"1 minuto"},"schema":{"@context":"https:\/\/schema.org","@graph":[{"@type":"WebPage","@id":"https:\/\/menorcalplat.com\/joventut\/es\/romanesco-local-ecologico-y-fuera-de-serie-para-deportistas\/","url":"https:\/\/menorcalplat.com\/joventut\/es\/romanesco-local-ecologico-y-fuera-de-serie-para-deportistas\/","name":"Romanesco local, ecol\u00f3gico y Fuera de serie para deportistas! - Menorca al plat","isPartOf":{"@id":"https:\/\/menorcalplat.com\/joventut\/es\/#website"},"primaryImageOfPage":{"@id":"https:\/\/menorcalplat.com\/joventut\/es\/romanesco-local-ecologico-y-fuera-de-serie-para-deportistas\/#primaryimage"},"image":{"@id":"https:\/\/menorcalplat.com\/joventut\/es\/romanesco-local-ecologico-y-fuera-de-serie-para-deportistas\/#primaryimage"},"thumbnailUrl":"https:\/\/menorcalplat.com\/joventut\/wp-content\/uploads\/2022\/02\/romanesco-ecologic-menorca-al-plat.jpg","datePublished":"2022-02-04T11:05:28+00:00","dateModified":"2022-02-04T11:05:28+00:00","author":{"@id":"https:\/\/menorcalplat.com\/joventut\/es\/#\/schema\/person\/352b2b067941f8068928b45adc30eac4"},"inLanguage":"es","potentialAction":[{"@type":"ReadAction","target":["https:\/\/menorcalplat.com\/joventut\/es\/romanesco-local-ecologico-y-fuera-de-serie-para-deportistas\/"]}]},{"@type":"ImageObject","inLanguage":"es","@id":"https:\/\/menorcalplat.com\/joventut\/es\/romanesco-local-ecologico-y-fuera-de-serie-para-deportistas\/#primaryimage","url":"https:\/\/menorcalplat.com\/joventut\/wp-content\/uploads\/2022\/02\/romanesco-ecologic-menorca-al-plat.jpg","contentUrl":"https:\/\/menorcalplat.com\/joventut\/wp-content\/uploads\/2022\/02\/romanesco-ecologic-menorca-al-plat.jpg","width":1600,"height":1036,"caption":"Romanesco-ecologic-menorca-al-plat"},{"@type":"WebSite","@id":"https:\/\/menorcalplat.com\/joventut\/es\/#website","url":"https:\/\/menorcalplat.com\/joventut\/es\/","name":"Menorca al plat","description":"de la joventut","potentialAction":[{"@type":"SearchAction","target":{"@type":"EntryPoint","urlTemplate":"https:\/\/menorcalplat.com\/joventut\/es\/?s={search_term_string}"},"query-input":{"@type":"PropertyValueSpecification","valueRequired":true,"valueName":"search_term_string"}}],"inLanguage":"es"},{"@type":"Person","@id":"https:\/\/menorcalplat.com\/joventut\/es\/#\/schema\/person\/352b2b067941f8068928b45adc30eac4","name":"Miguel Carret\u00f3n"}]}},"_links":{"self":[{"href":"https:\/\/menorcalplat.com\/joventut\/es\/wp-json\/wp\/v2\/posts\/1497"}],"collection":[{"href":"https:\/\/menorcalplat.com\/joventut\/es\/wp-json\/wp\/v2\/posts"}],"about":[{"href":"https:\/\/menorcalplat.com\/joventut\/es\/wp-json\/wp\/v2\/types\/post"}],"author":[{"embeddable":true,"href":"https:\/\/menorcalplat.com\/joventut\/es\/wp-json\/wp\/v2\/users\/2"}],"replies":[{"embeddable":true,"href":"https:\/\/menorcalplat.com\/joventut\/es\/wp-json\/wp\/v2\/comments?post=1497"}],"version-history":[{"count":1,"href":"https:\/\/menorcalplat.com\/joventut\/es\/wp-json\/wp\/v2\/posts\/1497\/revisions"}],"predecessor-version":[{"id":1498,"href":"https:\/\/menorcalplat.com\/joventut\/es\/wp-json\/wp\/v2\/posts\/1497\/revisions\/1498"}],"wp:featuredmedia":[{"embeddable":true,"href":"https:\/\/menorcalplat.com\/joventut\/es\/wp-json\/wp\/v2\/media\/1493"}],"wp:attachment":[{"href":"https:\/\/menorcalplat.com\/joventut\/es\/wp-json\/wp\/v2\/media?parent=1497"}],"wp:term":[{"taxonomy":"category","embeddable":true,"href":"https:\/\/menorcalplat.com\/joventut\/es\/wp-json\/wp\/v2\/categories?post=1497"},{"taxonomy":"post_tag","embeddable":true,"href":"https:\/\/menorcalplat.com\/joventut\/es\/wp-json\/wp\/v2\/tags?post=1497"}],"curies":[{"name":"wp","href":"https:\/\/api.w.org\/{rel}","templated":true}]}}