{"id":1487,"date":"2021-12-30T09:34:33","date_gmt":"2021-12-30T08:34:33","guid":{"rendered":"https:\/\/menorcalplat.com\/joventut\/el-c-f-dosa-de-ciudadela-reflexiona-sobre-su-papel-entorno-la-alimentacion-saludable-y-sostenible\/"},"modified":"2021-12-30T09:34:33","modified_gmt":"2021-12-30T08:34:33","slug":"el-c-f-dosa-de-ciudadela-reflexiona-sobre-su-papel-entorno-la-alimentacion-saludable-y-sostenible","status":"publish","type":"post","link":"https:\/\/menorcalplat.com\/joventut\/es\/el-c-f-dosa-de-ciudadela-reflexiona-sobre-su-papel-entorno-la-alimentacion-saludable-y-sostenible\/","title":{"rendered":"El C.F. Dosa de Ciudadela reflexiona sobre su papel entorno la alimentaci\u00f3n saludable y sostenible"},"content":{"rendered":"\n<p>El d\u00eda 22 de diciembre, deportistas j\u00f3venes del Club de F\u00fatbol Dosa, junto con sus t\u00e9cnicos y sus familias, se reunieron en el campo para compartir algunas reflexiones sobre c\u00f3mo nos alimentamos actualmente. Ya es tradici\u00f3n que este club ponga fin al primer trimestre de la temporada deportiva con una jornada familiar. Este a\u00f1o, como novedad, el club complement\u00f3 los actos deportivos con una serie de actividades vinculadas a la alimentaci\u00f3n saludable y sostenible.<\/p>\n\n<p>La jornada empezaba a primera hora de la tarde con una actividad poco usual pero muy productiva: el equipo alev\u00edn del club sub\u00eda en un autob\u00fas en direcci\u00f3n a Cap d&#8217;Artrutx para detenerse en Parella Vella, una finca de producci\u00f3n de alimentos de huerta con certificaci\u00f3n ecol\u00f3gica, donde trabajan los hermanos Bosch, Dani e Isaac. El prop\u00f3sito de la visita era doble: conocer de primera mano el trabajo en el campo, y echar una mano ayudando a los campesinos. Aquella tarde, el campo ped\u00eda cosechar boniatos; y as\u00ed se hizo. Las y los deportistas, acompa\u00f1ados por el equipo t\u00e9cnico, cambiaron sus botas de futbol por un calzado m\u00e1s id\u00f3neo y, siguiendo las instrucciones de Dani e Isaac, tuvieron la finca limpia en poco m\u00e1s de una hora.&#13;\n &#13;\n<\/p>\n\n<p>A media tarde, el campo de f\u00fatbol acogi\u00f3 una exposici\u00f3n de carteles sobre alimentaci\u00f3n saludable y sostenible en el entorno deportivo. La actividad invitaba a deportistas, asistentes del cuerpo t\u00e9cnico y familiares a reflexionar sobre c\u00f3mo nos alimentamos actualmente y c\u00f3mo podemos mejorar las propuestas culinarias del d\u00eda a d\u00eda, especialmente a trav\u00e9s de los desayunos y meriendas. De la acci\u00f3n participativa surgieron propuestas interesantes, como la necesidad de implicar a las cafeter\u00edas de los clubes deportivos en el proceso de transformaci\u00f3n alimentaria, a trav\u00e9s de la venta de productos m\u00e1s adecuados, como frutas frescas locales y de temporada, zumos de fruta naturales, bocadillos integrales de producto local y bolsitas de frutos secos. Adem\u00e1s, las familias reconoc\u00edan su deber al tener que hacer un esfuerzo m\u00e1s a la hora de preparar meriendas m\u00e1s sanas para llevar a los entrenamientos; y los equipos t\u00e9cnicos se propusieron ofrecer fruta peri\u00f3dicamente a pie de pista una vez finalizados los entrenamientos.<\/p>\n\n<p>Para acabar la jornada, m\u00e1s de cincuenta participantes pudieron compartir una merienda-cena saludable y sostenible, con: fruta fresca y deshidratada de S&#8217;Hort de Son Tr\u00e9mol, pan y pastas integrales de Es Gra, mermeladas de Capell de Ferro, embutidos y quesos de Tirant Nou y yogures naturales de Lluriach.<\/p>\n","protected":false},"excerpt":{"rendered":"<p>El d\u00eda 22 de diciembre, deportistas j\u00f3venes del Club de F\u00fatbol Dosa, junto con sus t\u00e9cnicos y sus familias, se reunieron en el campo para compartir algunas reflexiones sobre c\u00f3mo nos alimentamos actualmente. Ya es tradici\u00f3n que este club ponga fin al primer trimestre de la temporada deportiva con una jornada familiar. Este a\u00f1o, como&hellip;<\/p>\n","protected":false},"author":2,"featured_media":1479,"comment_status":"closed","ping_status":"closed","sticky":false,"template":"","format":"standard","meta":{"_acf_changed":false,"footnotes":""},"categories":[20,33],"tags":[],"class_list":["post-1487","post","type-post","status-publish","format-standard","has-post-thumbnail","hentry","category-ciutadella-es","category-formacion"],"acf":[],"yoast_head":"<!-- This site is optimized with the Yoast SEO plugin v23.6 - https:\/\/yoast.com\/wordpress\/plugins\/seo\/ -->\n<title>El C.F. Dosa de Ciudadela reflexiona sobre su papel entorno la alimentaci\u00f3n saludable y sostenible - Menorca al plat<\/title>\n<meta name=\"robots\" content=\"index, follow, max-snippet:-1, max-image-preview:large, max-video-preview:-1\" \/>\n<link rel=\"canonical\" href=\"https:\/\/menorcalplat.com\/joventut\/es\/el-c-f-dosa-de-ciudadela-reflexiona-sobre-su-papel-entorno-la-alimentacion-saludable-y-sostenible\/\" \/>\n<meta property=\"og:locale\" content=\"es_ES\" \/>\n<meta property=\"og:type\" content=\"article\" \/>\n<meta property=\"og:title\" content=\"El C.F. Dosa de Ciudadela reflexiona sobre su papel entorno la alimentaci\u00f3n saludable y sostenible - Menorca al plat\" \/>\n<meta property=\"og:description\" content=\"El d\u00eda 22 de diciembre, deportistas j\u00f3venes del Club de F\u00fatbol Dosa, junto con sus t\u00e9cnicos y sus familias, se reunieron en el campo para compartir algunas reflexiones sobre c\u00f3mo nos alimentamos actualmente. Ya es tradici\u00f3n que este club ponga fin al primer trimestre de la temporada deportiva con una jornada familiar. Este a\u00f1o, como&hellip;\" \/>\n<meta property=\"og:url\" content=\"https:\/\/menorcalplat.com\/joventut\/es\/el-c-f-dosa-de-ciudadela-reflexiona-sobre-su-papel-entorno-la-alimentacion-saludable-y-sostenible\/\" \/>\n<meta property=\"og:site_name\" content=\"Menorca al plat\" \/>\n<meta property=\"article:published_time\" content=\"2021-12-30T08:34:33+00:00\" \/>\n<meta property=\"og:image\" content=\"https:\/\/menorcalplat.com\/joventut\/wp-content\/uploads\/2021\/12\/entorn-alimentacio-saludable-i-sostenible-menorca-al-plat.jpg\" \/>\n\t<meta property=\"og:image:width\" content=\"2000\" \/>\n\t<meta property=\"og:image:height\" content=\"1500\" \/>\n\t<meta property=\"og:image:type\" content=\"image\/jpeg\" \/>\n<meta name=\"author\" content=\"Miguel Carret\u00f3n\" \/>\n<meta name=\"twitter:card\" content=\"summary_large_image\" \/>\n<meta name=\"twitter:label1\" content=\"Escrito por\" \/>\n\t<meta name=\"twitter:data1\" content=\"Miguel Carret\u00f3n\" \/>\n\t<meta name=\"twitter:label2\" content=\"Tiempo de lectura\" \/>\n\t<meta name=\"twitter:data2\" content=\"2 minutos\" \/>\n<script type=\"application\/ld+json\" class=\"yoast-schema-graph\">{\"@context\":\"https:\/\/schema.org\",\"@graph\":[{\"@type\":\"WebPage\",\"@id\":\"https:\/\/menorcalplat.com\/joventut\/es\/el-c-f-dosa-de-ciudadela-reflexiona-sobre-su-papel-entorno-la-alimentacion-saludable-y-sostenible\/\",\"url\":\"https:\/\/menorcalplat.com\/joventut\/es\/el-c-f-dosa-de-ciudadela-reflexiona-sobre-su-papel-entorno-la-alimentacion-saludable-y-sostenible\/\",\"name\":\"El C.F. Dosa de Ciudadela reflexiona sobre su papel entorno la alimentaci\u00f3n saludable y sostenible - Menorca al plat\",\"isPartOf\":{\"@id\":\"https:\/\/menorcalplat.com\/joventut\/es\/#website\"},\"primaryImageOfPage\":{\"@id\":\"https:\/\/menorcalplat.com\/joventut\/es\/el-c-f-dosa-de-ciudadela-reflexiona-sobre-su-papel-entorno-la-alimentacion-saludable-y-sostenible\/#primaryimage\"},\"image\":{\"@id\":\"https:\/\/menorcalplat.com\/joventut\/es\/el-c-f-dosa-de-ciudadela-reflexiona-sobre-su-papel-entorno-la-alimentacion-saludable-y-sostenible\/#primaryimage\"},\"thumbnailUrl\":\"https:\/\/menorcalplat.com\/joventut\/wp-content\/uploads\/2021\/12\/entorn-alimentacio-saludable-i-sostenible-menorca-al-plat.jpg\",\"datePublished\":\"2021-12-30T08:34:33+00:00\",\"dateModified\":\"2021-12-30T08:34:33+00:00\",\"author\":{\"@id\":\"https:\/\/menorcalplat.com\/joventut\/es\/#\/schema\/person\/352b2b067941f8068928b45adc30eac4\"},\"inLanguage\":\"es\",\"potentialAction\":[{\"@type\":\"ReadAction\",\"target\":[\"https:\/\/menorcalplat.com\/joventut\/es\/el-c-f-dosa-de-ciudadela-reflexiona-sobre-su-papel-entorno-la-alimentacion-saludable-y-sostenible\/\"]}]},{\"@type\":\"ImageObject\",\"inLanguage\":\"es\",\"@id\":\"https:\/\/menorcalplat.com\/joventut\/es\/el-c-f-dosa-de-ciudadela-reflexiona-sobre-su-papel-entorno-la-alimentacion-saludable-y-sostenible\/#primaryimage\",\"url\":\"https:\/\/menorcalplat.com\/joventut\/wp-content\/uploads\/2021\/12\/entorn-alimentacio-saludable-i-sostenible-menorca-al-plat.jpg\",\"contentUrl\":\"https:\/\/menorcalplat.com\/joventut\/wp-content\/uploads\/2021\/12\/entorn-alimentacio-saludable-i-sostenible-menorca-al-plat.jpg\",\"width\":2000,\"height\":1500,\"caption\":\"entorn-alimentacio\u0301-saludable-i-sostenible-menorca-al-plat\"},{\"@type\":\"WebSite\",\"@id\":\"https:\/\/menorcalplat.com\/joventut\/es\/#website\",\"url\":\"https:\/\/menorcalplat.com\/joventut\/es\/\",\"name\":\"Menorca al plat\",\"description\":\"de la joventut\",\"potentialAction\":[{\"@type\":\"SearchAction\",\"target\":{\"@type\":\"EntryPoint\",\"urlTemplate\":\"https:\/\/menorcalplat.com\/joventut\/es\/?s={search_term_string}\"},\"query-input\":{\"@type\":\"PropertyValueSpecification\",\"valueRequired\":true,\"valueName\":\"search_term_string\"}}],\"inLanguage\":\"es\"},{\"@type\":\"Person\",\"@id\":\"https:\/\/menorcalplat.com\/joventut\/es\/#\/schema\/person\/352b2b067941f8068928b45adc30eac4\",\"name\":\"Miguel Carret\u00f3n\"}]}<\/script>\n<!-- \/ Yoast SEO plugin. -->","yoast_head_json":{"title":"El C.F. Dosa de Ciudadela reflexiona sobre su papel entorno la alimentaci\u00f3n saludable y sostenible - Menorca al plat","robots":{"index":"index","follow":"follow","max-snippet":"max-snippet:-1","max-image-preview":"max-image-preview:large","max-video-preview":"max-video-preview:-1"},"canonical":"https:\/\/menorcalplat.com\/joventut\/es\/el-c-f-dosa-de-ciudadela-reflexiona-sobre-su-papel-entorno-la-alimentacion-saludable-y-sostenible\/","og_locale":"es_ES","og_type":"article","og_title":"El C.F. Dosa de Ciudadela reflexiona sobre su papel entorno la alimentaci\u00f3n saludable y sostenible - Menorca al plat","og_description":"El d\u00eda 22 de diciembre, deportistas j\u00f3venes del Club de F\u00fatbol Dosa, junto con sus t\u00e9cnicos y sus familias, se reunieron en el campo para compartir algunas reflexiones sobre c\u00f3mo nos alimentamos actualmente. Ya es tradici\u00f3n que este club ponga fin al primer trimestre de la temporada deportiva con una jornada familiar. Este a\u00f1o, como&hellip;","og_url":"https:\/\/menorcalplat.com\/joventut\/es\/el-c-f-dosa-de-ciudadela-reflexiona-sobre-su-papel-entorno-la-alimentacion-saludable-y-sostenible\/","og_site_name":"Menorca al plat","article_published_time":"2021-12-30T08:34:33+00:00","og_image":[{"width":2000,"height":1500,"url":"https:\/\/menorcalplat.com\/joventut\/wp-content\/uploads\/2021\/12\/entorn-alimentacio-saludable-i-sostenible-menorca-al-plat.jpg","type":"image\/jpeg"}],"author":"Miguel Carret\u00f3n","twitter_card":"summary_large_image","twitter_misc":{"Escrito por":"Miguel Carret\u00f3n","Tiempo de lectura":"2 minutos"},"schema":{"@context":"https:\/\/schema.org","@graph":[{"@type":"WebPage","@id":"https:\/\/menorcalplat.com\/joventut\/es\/el-c-f-dosa-de-ciudadela-reflexiona-sobre-su-papel-entorno-la-alimentacion-saludable-y-sostenible\/","url":"https:\/\/menorcalplat.com\/joventut\/es\/el-c-f-dosa-de-ciudadela-reflexiona-sobre-su-papel-entorno-la-alimentacion-saludable-y-sostenible\/","name":"El C.F. Dosa de Ciudadela reflexiona sobre su papel entorno la alimentaci\u00f3n saludable y sostenible - Menorca al plat","isPartOf":{"@id":"https:\/\/menorcalplat.com\/joventut\/es\/#website"},"primaryImageOfPage":{"@id":"https:\/\/menorcalplat.com\/joventut\/es\/el-c-f-dosa-de-ciudadela-reflexiona-sobre-su-papel-entorno-la-alimentacion-saludable-y-sostenible\/#primaryimage"},"image":{"@id":"https:\/\/menorcalplat.com\/joventut\/es\/el-c-f-dosa-de-ciudadela-reflexiona-sobre-su-papel-entorno-la-alimentacion-saludable-y-sostenible\/#primaryimage"},"thumbnailUrl":"https:\/\/menorcalplat.com\/joventut\/wp-content\/uploads\/2021\/12\/entorn-alimentacio-saludable-i-sostenible-menorca-al-plat.jpg","datePublished":"2021-12-30T08:34:33+00:00","dateModified":"2021-12-30T08:34:33+00:00","author":{"@id":"https:\/\/menorcalplat.com\/joventut\/es\/#\/schema\/person\/352b2b067941f8068928b45adc30eac4"},"inLanguage":"es","potentialAction":[{"@type":"ReadAction","target":["https:\/\/menorcalplat.com\/joventut\/es\/el-c-f-dosa-de-ciudadela-reflexiona-sobre-su-papel-entorno-la-alimentacion-saludable-y-sostenible\/"]}]},{"@type":"ImageObject","inLanguage":"es","@id":"https:\/\/menorcalplat.com\/joventut\/es\/el-c-f-dosa-de-ciudadela-reflexiona-sobre-su-papel-entorno-la-alimentacion-saludable-y-sostenible\/#primaryimage","url":"https:\/\/menorcalplat.com\/joventut\/wp-content\/uploads\/2021\/12\/entorn-alimentacio-saludable-i-sostenible-menorca-al-plat.jpg","contentUrl":"https:\/\/menorcalplat.com\/joventut\/wp-content\/uploads\/2021\/12\/entorn-alimentacio-saludable-i-sostenible-menorca-al-plat.jpg","width":2000,"height":1500,"caption":"entorn-alimentacio\u0301-saludable-i-sostenible-menorca-al-plat"},{"@type":"WebSite","@id":"https:\/\/menorcalplat.com\/joventut\/es\/#website","url":"https:\/\/menorcalplat.com\/joventut\/es\/","name":"Menorca al plat","description":"de la joventut","potentialAction":[{"@type":"SearchAction","target":{"@type":"EntryPoint","urlTemplate":"https:\/\/menorcalplat.com\/joventut\/es\/?s={search_term_string}"},"query-input":{"@type":"PropertyValueSpecification","valueRequired":true,"valueName":"search_term_string"}}],"inLanguage":"es"},{"@type":"Person","@id":"https:\/\/menorcalplat.com\/joventut\/es\/#\/schema\/person\/352b2b067941f8068928b45adc30eac4","name":"Miguel Carret\u00f3n"}]}},"_links":{"self":[{"href":"https:\/\/menorcalplat.com\/joventut\/es\/wp-json\/wp\/v2\/posts\/1487"}],"collection":[{"href":"https:\/\/menorcalplat.com\/joventut\/es\/wp-json\/wp\/v2\/posts"}],"about":[{"href":"https:\/\/menorcalplat.com\/joventut\/es\/wp-json\/wp\/v2\/types\/post"}],"author":[{"embeddable":true,"href":"https:\/\/menorcalplat.com\/joventut\/es\/wp-json\/wp\/v2\/users\/2"}],"replies":[{"embeddable":true,"href":"https:\/\/menorcalplat.com\/joventut\/es\/wp-json\/wp\/v2\/comments?post=1487"}],"version-history":[{"count":1,"href":"https:\/\/menorcalplat.com\/joventut\/es\/wp-json\/wp\/v2\/posts\/1487\/revisions"}],"predecessor-version":[{"id":1488,"href":"https:\/\/menorcalplat.com\/joventut\/es\/wp-json\/wp\/v2\/posts\/1487\/revisions\/1488"}],"wp:featuredmedia":[{"embeddable":true,"href":"https:\/\/menorcalplat.com\/joventut\/es\/wp-json\/wp\/v2\/media\/1479"}],"wp:attachment":[{"href":"https:\/\/menorcalplat.com\/joventut\/es\/wp-json\/wp\/v2\/media?parent=1487"}],"wp:term":[{"taxonomy":"category","embeddable":true,"href":"https:\/\/menorcalplat.com\/joventut\/es\/wp-json\/wp\/v2\/categories?post=1487"},{"taxonomy":"post_tag","embeddable":true,"href":"https:\/\/menorcalplat.com\/joventut\/es\/wp-json\/wp\/v2\/tags?post=1487"}],"curies":[{"name":"wp","href":"https:\/\/api.w.org\/{rel}","templated":true}]}}