{"id":1485,"date":"2021-12-30T09:31:29","date_gmt":"2021-12-30T08:31:29","guid":{"rendered":"https:\/\/menorcalplat.com\/joventut\/empiezan-los-entrenos-deportivos-en-las-fincas-de-cultivo\/"},"modified":"2021-12-30T09:31:30","modified_gmt":"2021-12-30T08:31:30","slug":"empiezan-los-entrenos-deportivos-en-las-fincas-de-cultivo","status":"publish","type":"post","link":"https:\/\/menorcalplat.com\/joventut\/es\/empiezan-los-entrenos-deportivos-en-las-fincas-de-cultivo\/","title":{"rendered":"Empiezan los entrenos deportivos en las fincas de cultivo"},"content":{"rendered":"\n<p>En los \u00faltimos d\u00edas, varios equipos del Grupo Deportivo Es Port (escuela de ciclismo) y del Club de F\u00fatbol Dosa, ambos de Ciutadella, han disfrutado de la actividad \u201c<em>Cambio de zapatos por un d\u00eda<\/em>\u201d que ofrece la Asociaci\u00f3n Leader Menorca, en el marco del proyecto Menorca en el Plato de la Juventud con la colaboraci\u00f3n de Integrasport del Consell Insular de Menorca.<\/p>\n\n<p>La actividad consiste en acercar el campo agroecol\u00f3gico a las y los j\u00f3venes deportistas de la isla, con el fin de contribuir a comprender la importancia de seguir una alimentaci\u00f3n sana y a la vez sostenible, y a dar a conocer el trabajo de las personas que trabajan produciendo alimentos, para sensibilizarnos con el esfuerzo que esto supone.<\/p>\n\n<p>Dos equipos j\u00f3venes del Grupo Deportivo Es Port salieron en bicicleta hacia Cap d&#8217;Artrutx para parar en la finca Parella Vella, donde los hermanos Bosch, Dani e Isaac, les esperaban para mostrarles a qu\u00e9 dedicar\u00edan las horas de trabajo de aquella tarde. Unos d\u00edas m\u00e1s tarde, el equipo alev\u00edn del club de f\u00fatbol Dosa subi\u00f3 en un autob\u00fas para llegar al mismo lugar y con la misma pretensi\u00f3n.<\/p>\n\n<p>En Parella Vella se producen alimentos de huerta y frutas con certificado ecol\u00f3gico, huevos y miel de forma convencional, combinados con carne de ganader\u00eda extensiva. Junto con otras 2 fincas venden cestas semanales con productos variados, que se encargan por tel\u00e9fono y son repartidas a domicilio.<\/p>\n\n<p>Una vez en la finca, y sin perder m\u00e1s tiempo, las y los deportistas no dudaron en calzarse botas de campo para ayudar a los campesinos. Hab\u00eda un mont\u00f3n de boniatos por cosechar, en una finca inacabable; pero entre todas las manos disponibles a ayudar y en poco menos de una hora, los boniatos estuvieron recogidos y listos para llevarlos a los mercados municipales.&#13;\n&#13;\n &#13;\n&#13;\n<\/p>\n\n<p>Esta actividad se complementa con talleres de desayunos y meriendas saludables a pie de pista en los clubs deportivos, y con charlas y talleres destinadas a las familias y equipos t\u00e9cnicos de los clubs. Asimismo, se abastece peri\u00f3dicamente a los deportistas de fruta y hortalizas locales, de temporada y agroecol\u00f3gicas, especialmente de aqu\u00e9llas en excedente.<\/p>\n","protected":false},"excerpt":{"rendered":"<p>En los \u00faltimos d\u00edas, varios equipos del Grupo Deportivo Es Port (escuela de ciclismo) y del Club de F\u00fatbol Dosa, ambos de Ciutadella, han disfrutado de la actividad \u201cCambio de zapatos por un d\u00eda\u201d que ofrece la Asociaci\u00f3n Leader Menorca, en el marco del proyecto Menorca en el Plato de la Juventud con la colaboraci\u00f3n&hellip;<\/p>\n","protected":false},"author":2,"featured_media":1475,"comment_status":"closed","ping_status":"closed","sticky":false,"template":"","format":"standard","meta":{"_acf_changed":false,"footnotes":""},"categories":[20,35,33],"tags":[],"class_list":["post-1485","post","type-post","status-publish","format-standard","has-post-thumbnail","hentry","category-ciutadella-es","category-entrenos","category-formacion"],"acf":[],"yoast_head":"<!-- This site is optimized with the Yoast SEO plugin v23.6 - https:\/\/yoast.com\/wordpress\/plugins\/seo\/ -->\n<title>Empiezan los entrenos deportivos en las fincas de cultivo - Menorca al plat<\/title>\n<meta name=\"robots\" content=\"index, follow, max-snippet:-1, max-image-preview:large, max-video-preview:-1\" \/>\n<link rel=\"canonical\" href=\"https:\/\/menorcalplat.com\/joventut\/es\/empiezan-los-entrenos-deportivos-en-las-fincas-de-cultivo\/\" \/>\n<meta property=\"og:locale\" content=\"es_ES\" \/>\n<meta property=\"og:type\" content=\"article\" \/>\n<meta property=\"og:title\" content=\"Empiezan los entrenos deportivos en las fincas de cultivo - Menorca al plat\" \/>\n<meta property=\"og:description\" content=\"En los \u00faltimos d\u00edas, varios equipos del Grupo Deportivo Es Port (escuela de ciclismo) y del Club de F\u00fatbol Dosa, ambos de Ciutadella, han disfrutado de la actividad \u201cCambio de zapatos por un d\u00eda\u201d que ofrece la Asociaci\u00f3n Leader Menorca, en el marco del proyecto Menorca en el Plato de la Juventud con la colaboraci\u00f3n&hellip;\" \/>\n<meta property=\"og:url\" content=\"https:\/\/menorcalplat.com\/joventut\/es\/empiezan-los-entrenos-deportivos-en-las-fincas-de-cultivo\/\" \/>\n<meta property=\"og:site_name\" content=\"Menorca al plat\" \/>\n<meta property=\"article:published_time\" content=\"2021-12-30T08:31:29+00:00\" \/>\n<meta property=\"article:modified_time\" content=\"2021-12-30T08:31:30+00:00\" \/>\n<meta property=\"og:image\" content=\"https:\/\/menorcalplat.com\/joventut\/wp-content\/uploads\/2021\/12\/activitats-esportives-finques-cultius-agroecologiques-menorca-al-plat.jpg\" \/>\n\t<meta property=\"og:image:width\" content=\"1600\" \/>\n\t<meta property=\"og:image:height\" content=\"1036\" \/>\n\t<meta property=\"og:image:type\" content=\"image\/jpeg\" \/>\n<meta name=\"author\" content=\"Miguel Carret\u00f3n\" \/>\n<meta name=\"twitter:card\" content=\"summary_large_image\" \/>\n<meta name=\"twitter:label1\" content=\"Escrito por\" \/>\n\t<meta name=\"twitter:data1\" content=\"Miguel Carret\u00f3n\" \/>\n\t<meta name=\"twitter:label2\" content=\"Tiempo de lectura\" \/>\n\t<meta name=\"twitter:data2\" content=\"2 minutos\" \/>\n<script type=\"application\/ld+json\" class=\"yoast-schema-graph\">{\"@context\":\"https:\/\/schema.org\",\"@graph\":[{\"@type\":\"WebPage\",\"@id\":\"https:\/\/menorcalplat.com\/joventut\/es\/empiezan-los-entrenos-deportivos-en-las-fincas-de-cultivo\/\",\"url\":\"https:\/\/menorcalplat.com\/joventut\/es\/empiezan-los-entrenos-deportivos-en-las-fincas-de-cultivo\/\",\"name\":\"Empiezan los entrenos deportivos en las fincas de cultivo - Menorca al plat\",\"isPartOf\":{\"@id\":\"https:\/\/menorcalplat.com\/joventut\/es\/#website\"},\"primaryImageOfPage\":{\"@id\":\"https:\/\/menorcalplat.com\/joventut\/es\/empiezan-los-entrenos-deportivos-en-las-fincas-de-cultivo\/#primaryimage\"},\"image\":{\"@id\":\"https:\/\/menorcalplat.com\/joventut\/es\/empiezan-los-entrenos-deportivos-en-las-fincas-de-cultivo\/#primaryimage\"},\"thumbnailUrl\":\"https:\/\/menorcalplat.com\/joventut\/wp-content\/uploads\/2021\/12\/activitats-esportives-finques-cultius-agroecologiques-menorca-al-plat.jpg\",\"datePublished\":\"2021-12-30T08:31:29+00:00\",\"dateModified\":\"2021-12-30T08:31:30+00:00\",\"author\":{\"@id\":\"https:\/\/menorcalplat.com\/joventut\/es\/#\/schema\/person\/352b2b067941f8068928b45adc30eac4\"},\"inLanguage\":\"es\",\"potentialAction\":[{\"@type\":\"ReadAction\",\"target\":[\"https:\/\/menorcalplat.com\/joventut\/es\/empiezan-los-entrenos-deportivos-en-las-fincas-de-cultivo\/\"]}]},{\"@type\":\"ImageObject\",\"inLanguage\":\"es\",\"@id\":\"https:\/\/menorcalplat.com\/joventut\/es\/empiezan-los-entrenos-deportivos-en-las-fincas-de-cultivo\/#primaryimage\",\"url\":\"https:\/\/menorcalplat.com\/joventut\/wp-content\/uploads\/2021\/12\/activitats-esportives-finques-cultius-agroecologiques-menorca-al-plat.jpg\",\"contentUrl\":\"https:\/\/menorcalplat.com\/joventut\/wp-content\/uploads\/2021\/12\/activitats-esportives-finques-cultius-agroecologiques-menorca-al-plat.jpg\",\"width\":1600,\"height\":1036,\"caption\":\"Activitats-esportives-finques-cultius-agroecologiques-menorca-al-plat\"},{\"@type\":\"WebSite\",\"@id\":\"https:\/\/menorcalplat.com\/joventut\/es\/#website\",\"url\":\"https:\/\/menorcalplat.com\/joventut\/es\/\",\"name\":\"Menorca al plat\",\"description\":\"de la joventut\",\"potentialAction\":[{\"@type\":\"SearchAction\",\"target\":{\"@type\":\"EntryPoint\",\"urlTemplate\":\"https:\/\/menorcalplat.com\/joventut\/es\/?s={search_term_string}\"},\"query-input\":{\"@type\":\"PropertyValueSpecification\",\"valueRequired\":true,\"valueName\":\"search_term_string\"}}],\"inLanguage\":\"es\"},{\"@type\":\"Person\",\"@id\":\"https:\/\/menorcalplat.com\/joventut\/es\/#\/schema\/person\/352b2b067941f8068928b45adc30eac4\",\"name\":\"Miguel Carret\u00f3n\"}]}<\/script>\n<!-- \/ Yoast SEO plugin. -->","yoast_head_json":{"title":"Empiezan los entrenos deportivos en las fincas de cultivo - Menorca al plat","robots":{"index":"index","follow":"follow","max-snippet":"max-snippet:-1","max-image-preview":"max-image-preview:large","max-video-preview":"max-video-preview:-1"},"canonical":"https:\/\/menorcalplat.com\/joventut\/es\/empiezan-los-entrenos-deportivos-en-las-fincas-de-cultivo\/","og_locale":"es_ES","og_type":"article","og_title":"Empiezan los entrenos deportivos en las fincas de cultivo - Menorca al plat","og_description":"En los \u00faltimos d\u00edas, varios equipos del Grupo Deportivo Es Port (escuela de ciclismo) y del Club de F\u00fatbol Dosa, ambos de Ciutadella, han disfrutado de la actividad \u201cCambio de zapatos por un d\u00eda\u201d que ofrece la Asociaci\u00f3n Leader Menorca, en el marco del proyecto Menorca en el Plato de la Juventud con la colaboraci\u00f3n&hellip;","og_url":"https:\/\/menorcalplat.com\/joventut\/es\/empiezan-los-entrenos-deportivos-en-las-fincas-de-cultivo\/","og_site_name":"Menorca al plat","article_published_time":"2021-12-30T08:31:29+00:00","article_modified_time":"2021-12-30T08:31:30+00:00","og_image":[{"width":1600,"height":1036,"url":"https:\/\/menorcalplat.com\/joventut\/wp-content\/uploads\/2021\/12\/activitats-esportives-finques-cultius-agroecologiques-menorca-al-plat.jpg","type":"image\/jpeg"}],"author":"Miguel Carret\u00f3n","twitter_card":"summary_large_image","twitter_misc":{"Escrito por":"Miguel Carret\u00f3n","Tiempo de lectura":"2 minutos"},"schema":{"@context":"https:\/\/schema.org","@graph":[{"@type":"WebPage","@id":"https:\/\/menorcalplat.com\/joventut\/es\/empiezan-los-entrenos-deportivos-en-las-fincas-de-cultivo\/","url":"https:\/\/menorcalplat.com\/joventut\/es\/empiezan-los-entrenos-deportivos-en-las-fincas-de-cultivo\/","name":"Empiezan los entrenos deportivos en las fincas de cultivo - Menorca al plat","isPartOf":{"@id":"https:\/\/menorcalplat.com\/joventut\/es\/#website"},"primaryImageOfPage":{"@id":"https:\/\/menorcalplat.com\/joventut\/es\/empiezan-los-entrenos-deportivos-en-las-fincas-de-cultivo\/#primaryimage"},"image":{"@id":"https:\/\/menorcalplat.com\/joventut\/es\/empiezan-los-entrenos-deportivos-en-las-fincas-de-cultivo\/#primaryimage"},"thumbnailUrl":"https:\/\/menorcalplat.com\/joventut\/wp-content\/uploads\/2021\/12\/activitats-esportives-finques-cultius-agroecologiques-menorca-al-plat.jpg","datePublished":"2021-12-30T08:31:29+00:00","dateModified":"2021-12-30T08:31:30+00:00","author":{"@id":"https:\/\/menorcalplat.com\/joventut\/es\/#\/schema\/person\/352b2b067941f8068928b45adc30eac4"},"inLanguage":"es","potentialAction":[{"@type":"ReadAction","target":["https:\/\/menorcalplat.com\/joventut\/es\/empiezan-los-entrenos-deportivos-en-las-fincas-de-cultivo\/"]}]},{"@type":"ImageObject","inLanguage":"es","@id":"https:\/\/menorcalplat.com\/joventut\/es\/empiezan-los-entrenos-deportivos-en-las-fincas-de-cultivo\/#primaryimage","url":"https:\/\/menorcalplat.com\/joventut\/wp-content\/uploads\/2021\/12\/activitats-esportives-finques-cultius-agroecologiques-menorca-al-plat.jpg","contentUrl":"https:\/\/menorcalplat.com\/joventut\/wp-content\/uploads\/2021\/12\/activitats-esportives-finques-cultius-agroecologiques-menorca-al-plat.jpg","width":1600,"height":1036,"caption":"Activitats-esportives-finques-cultius-agroecologiques-menorca-al-plat"},{"@type":"WebSite","@id":"https:\/\/menorcalplat.com\/joventut\/es\/#website","url":"https:\/\/menorcalplat.com\/joventut\/es\/","name":"Menorca al plat","description":"de la joventut","potentialAction":[{"@type":"SearchAction","target":{"@type":"EntryPoint","urlTemplate":"https:\/\/menorcalplat.com\/joventut\/es\/?s={search_term_string}"},"query-input":{"@type":"PropertyValueSpecification","valueRequired":true,"valueName":"search_term_string"}}],"inLanguage":"es"},{"@type":"Person","@id":"https:\/\/menorcalplat.com\/joventut\/es\/#\/schema\/person\/352b2b067941f8068928b45adc30eac4","name":"Miguel Carret\u00f3n"}]}},"_links":{"self":[{"href":"https:\/\/menorcalplat.com\/joventut\/es\/wp-json\/wp\/v2\/posts\/1485"}],"collection":[{"href":"https:\/\/menorcalplat.com\/joventut\/es\/wp-json\/wp\/v2\/posts"}],"about":[{"href":"https:\/\/menorcalplat.com\/joventut\/es\/wp-json\/wp\/v2\/types\/post"}],"author":[{"embeddable":true,"href":"https:\/\/menorcalplat.com\/joventut\/es\/wp-json\/wp\/v2\/users\/2"}],"replies":[{"embeddable":true,"href":"https:\/\/menorcalplat.com\/joventut\/es\/wp-json\/wp\/v2\/comments?post=1485"}],"version-history":[{"count":1,"href":"https:\/\/menorcalplat.com\/joventut\/es\/wp-json\/wp\/v2\/posts\/1485\/revisions"}],"predecessor-version":[{"id":1486,"href":"https:\/\/menorcalplat.com\/joventut\/es\/wp-json\/wp\/v2\/posts\/1485\/revisions\/1486"}],"wp:featuredmedia":[{"embeddable":true,"href":"https:\/\/menorcalplat.com\/joventut\/es\/wp-json\/wp\/v2\/media\/1475"}],"wp:attachment":[{"href":"https:\/\/menorcalplat.com\/joventut\/es\/wp-json\/wp\/v2\/media?parent=1485"}],"wp:term":[{"taxonomy":"category","embeddable":true,"href":"https:\/\/menorcalplat.com\/joventut\/es\/wp-json\/wp\/v2\/categories?post=1485"},{"taxonomy":"post_tag","embeddable":true,"href":"https:\/\/menorcalplat.com\/joventut\/es\/wp-json\/wp\/v2\/tags?post=1485"}],"curies":[{"name":"wp","href":"https:\/\/api.w.org\/{rel}","templated":true}]}}