{"id":1463,"date":"2021-10-11T11:37:31","date_gmt":"2021-10-11T09:37:31","guid":{"rendered":"https:\/\/menorcalplat.com\/joventut\/empezamos-nueva-temporada-deportiva-con-nuevos-y-mejores-habitos-alimenticios\/"},"modified":"2021-10-11T11:37:32","modified_gmt":"2021-10-11T09:37:32","slug":"empezamos-nueva-temporada-deportiva-con-nuevos-y-mejores-habitos-alimenticios","status":"publish","type":"post","link":"https:\/\/menorcalplat.com\/joventut\/es\/empezamos-nueva-temporada-deportiva-con-nuevos-y-mejores-habitos-alimenticios\/","title":{"rendered":"Empezamos nueva temporada deportiva con nuevos y mejores h\u00e1bitos alimenticios."},"content":{"rendered":"\n<p>El proyecto Menorca al Plat de la Juventut de la asociaci\u00f3n <a href=\"https:\/\/leadermenorca.org\/?lang=es\" target=\"_blank\" rel=\"noopener\">Leader Menorca<\/a> reinicia su actividad coincidiendo con el inicio del curso escolar y de la temporada deportiva. Con el objetivo de acercar una alimentaci\u00f3n m\u00e1s saludable y sostenible a la comunidad deportiva, Leader trabaja en coordinaci\u00f3n con el programa Integrasport del Servicio de Deportes del Consell Insular de Menorca, que por quinto a\u00f1o consecutivo ofrece un acompa\u00f1amiento integral en el crecimiento personal de deportistas en edad escolar.<\/p>\n\n<p>Los equipos de deportes de los diferentes clubs deportivos que apuestan por el programa Integrasport podr\u00e1n disfrutar de una serie de actividades ligadas a la alimentaci\u00f3n, como los talleres presenciales y participativos destinados a los deportistas y realizados a pie de pista, que pretenden crear un espacio de reflexi\u00f3n y de toma de decisiones colectivas para mejorar la alimentaci\u00f3n cotidiana, tanto desde el punto de vista saludable como de la sostenibilidad.<\/p>\n\n<p>Asimismo, las familias de deportistas podr\u00e1n disfrutar de sesiones formativas pr\u00e1cticas que contribuyan a ofrecer un acompa\u00f1amiento alimentario adecuado a sus hijas e hijos. Hoy, no basta en concienciar a la juventud sobre la importancia de su alimentaci\u00f3n; hay que ofrecer herramientas y recursos a sus familias para garantizar una pr\u00e1ctica alimentaria coherente. Durante la temporada deportiva pasada, se impartieron charlas y talleres sobre alimentaci\u00f3n saludable, poniendo \u00e9nfasis en los desayunos y merienda de cada d\u00eda. Este a\u00f1o, adem\u00e1s, se ofrecer\u00e1 un taller de c\u00f3mo elaborar men\u00fas saludables y sostenibles semanales y familiares.<\/p>\n\n<p>Como novedad, los equipos deportivos implicados podr\u00e1n disfrutar de entrenamientos peculiares que se realizar\u00e1n en las fincas de cultivo, colaborando con las campesinas y campesinos para realizar las cosechas correspondientes a cada temporada, poniendo especial \u00e9nfasis en el excedente alimentario y al esfuerzo humano que requiere trabajar en el campo. La finalidad es transmitir a los deportistas la importancia de saber trabajar la tierra y darle el valor que tiene porque nos alimentamos de ella.<\/p>\n\n<p>Como ya es costumbre, todas estas sesiones de h\u00e1bitos alimentarios saludables y sostenibles ir\u00e1n acompa\u00f1adas de desayunos y merienda a base de fruta fresca, local, producida de forma respetuosa con el entorno y con miras de evitar el desperdicio alimentario.<\/p>\n\n<p>Desde Leader y Integrasport esperamos que disfrut\u00e9is tanto o m\u00e1s como otras ediciones el programa de actividades de h\u00e1bitos alimentarios sostenibles. <\/p>\n\n<p>Recordad: tenemos m\u00e1s de una cita en vuestro club deportivo!<\/p>\n","protected":false},"excerpt":{"rendered":"<p>El proyecto Menorca al Plat de la Juventut de la asociaci\u00f3n Leader Menorca reinicia su actividad coincidiendo con el inicio del curso escolar y de la temporada deportiva. Con el objetivo de acercar una alimentaci\u00f3n m\u00e1s saludable y sostenible a la comunidad deportiva, Leader trabaja en coordinaci\u00f3n con el programa Integrasport del Servicio de Deportes&hellip;<\/p>\n","protected":false},"author":2,"featured_media":1461,"comment_status":"closed","ping_status":"closed","sticky":false,"template":"","format":"standard","meta":{"_acf_changed":false,"footnotes":""},"categories":[13],"tags":[],"class_list":["post-1463","post","type-post","status-publish","format-standard","has-post-thumbnail","hentry","category-sin-categorizar"],"acf":[],"yoast_head":"<!-- This site is optimized with the Yoast SEO plugin v23.6 - https:\/\/yoast.com\/wordpress\/plugins\/seo\/ -->\n<title>Empezamos nueva temporada deportiva con nuevos y mejores h\u00e1bitos alimenticios. - Menorca al plat<\/title>\n<meta name=\"robots\" content=\"index, follow, max-snippet:-1, max-image-preview:large, max-video-preview:-1\" \/>\n<link rel=\"canonical\" href=\"https:\/\/menorcalplat.com\/joventut\/es\/empezamos-nueva-temporada-deportiva-con-nuevos-y-mejores-habitos-alimenticios\/\" \/>\n<meta property=\"og:locale\" content=\"es_ES\" \/>\n<meta property=\"og:type\" content=\"article\" \/>\n<meta property=\"og:title\" content=\"Empezamos nueva temporada deportiva con nuevos y mejores h\u00e1bitos alimenticios. - Menorca al plat\" \/>\n<meta property=\"og:description\" content=\"El proyecto Menorca al Plat de la Juventut de la asociaci\u00f3n Leader Menorca reinicia su actividad coincidiendo con el inicio del curso escolar y de la temporada deportiva. Con el objetivo de acercar una alimentaci\u00f3n m\u00e1s saludable y sostenible a la comunidad deportiva, Leader trabaja en coordinaci\u00f3n con el programa Integrasport del Servicio de Deportes&hellip;\" \/>\n<meta property=\"og:url\" content=\"https:\/\/menorcalplat.com\/joventut\/es\/empezamos-nueva-temporada-deportiva-con-nuevos-y-mejores-habitos-alimenticios\/\" \/>\n<meta property=\"og:site_name\" content=\"Menorca al plat\" \/>\n<meta property=\"article:published_time\" content=\"2021-10-11T09:37:31+00:00\" \/>\n<meta property=\"article:modified_time\" content=\"2021-10-11T09:37:32+00:00\" \/>\n<meta property=\"og:image\" content=\"https:\/\/menorcalplat.com\/joventut\/wp-content\/uploads\/2021\/10\/post-menorca-al-lat-joventut.jpg\" \/>\n\t<meta property=\"og:image:width\" content=\"1024\" \/>\n\t<meta property=\"og:image:height\" content=\"768\" \/>\n\t<meta property=\"og:image:type\" content=\"image\/jpeg\" \/>\n<meta name=\"author\" content=\"Miguel Carret\u00f3n\" \/>\n<meta name=\"twitter:card\" content=\"summary_large_image\" \/>\n<meta name=\"twitter:label1\" content=\"Escrito por\" \/>\n\t<meta name=\"twitter:data1\" content=\"Miguel Carret\u00f3n\" \/>\n\t<meta name=\"twitter:label2\" content=\"Tiempo de lectura\" \/>\n\t<meta name=\"twitter:data2\" content=\"2 minutos\" \/>\n<script type=\"application\/ld+json\" class=\"yoast-schema-graph\">{\"@context\":\"https:\/\/schema.org\",\"@graph\":[{\"@type\":\"WebPage\",\"@id\":\"https:\/\/menorcalplat.com\/joventut\/es\/empezamos-nueva-temporada-deportiva-con-nuevos-y-mejores-habitos-alimenticios\/\",\"url\":\"https:\/\/menorcalplat.com\/joventut\/es\/empezamos-nueva-temporada-deportiva-con-nuevos-y-mejores-habitos-alimenticios\/\",\"name\":\"Empezamos nueva temporada deportiva con nuevos y mejores h\u00e1bitos alimenticios. - Menorca al plat\",\"isPartOf\":{\"@id\":\"https:\/\/menorcalplat.com\/joventut\/es\/#website\"},\"primaryImageOfPage\":{\"@id\":\"https:\/\/menorcalplat.com\/joventut\/es\/empezamos-nueva-temporada-deportiva-con-nuevos-y-mejores-habitos-alimenticios\/#primaryimage\"},\"image\":{\"@id\":\"https:\/\/menorcalplat.com\/joventut\/es\/empezamos-nueva-temporada-deportiva-con-nuevos-y-mejores-habitos-alimenticios\/#primaryimage\"},\"thumbnailUrl\":\"https:\/\/menorcalplat.com\/joventut\/wp-content\/uploads\/2021\/10\/post-menorca-al-lat-joventut.jpg\",\"datePublished\":\"2021-10-11T09:37:31+00:00\",\"dateModified\":\"2021-10-11T09:37:32+00:00\",\"author\":{\"@id\":\"https:\/\/menorcalplat.com\/joventut\/es\/#\/schema\/person\/352b2b067941f8068928b45adc30eac4\"},\"inLanguage\":\"es\",\"potentialAction\":[{\"@type\":\"ReadAction\",\"target\":[\"https:\/\/menorcalplat.com\/joventut\/es\/empezamos-nueva-temporada-deportiva-con-nuevos-y-mejores-habitos-alimenticios\/\"]}]},{\"@type\":\"ImageObject\",\"inLanguage\":\"es\",\"@id\":\"https:\/\/menorcalplat.com\/joventut\/es\/empezamos-nueva-temporada-deportiva-con-nuevos-y-mejores-habitos-alimenticios\/#primaryimage\",\"url\":\"https:\/\/menorcalplat.com\/joventut\/wp-content\/uploads\/2021\/10\/post-menorca-al-lat-joventut.jpg\",\"contentUrl\":\"https:\/\/menorcalplat.com\/joventut\/wp-content\/uploads\/2021\/10\/post-menorca-al-lat-joventut.jpg\",\"width\":1024,\"height\":768,\"caption\":\"Post-Menorca-al-lat-joventut\"},{\"@type\":\"WebSite\",\"@id\":\"https:\/\/menorcalplat.com\/joventut\/es\/#website\",\"url\":\"https:\/\/menorcalplat.com\/joventut\/es\/\",\"name\":\"Menorca al plat\",\"description\":\"de la joventut\",\"potentialAction\":[{\"@type\":\"SearchAction\",\"target\":{\"@type\":\"EntryPoint\",\"urlTemplate\":\"https:\/\/menorcalplat.com\/joventut\/es\/?s={search_term_string}\"},\"query-input\":{\"@type\":\"PropertyValueSpecification\",\"valueRequired\":true,\"valueName\":\"search_term_string\"}}],\"inLanguage\":\"es\"},{\"@type\":\"Person\",\"@id\":\"https:\/\/menorcalplat.com\/joventut\/es\/#\/schema\/person\/352b2b067941f8068928b45adc30eac4\",\"name\":\"Miguel Carret\u00f3n\"}]}<\/script>\n<!-- \/ Yoast SEO plugin. -->","yoast_head_json":{"title":"Empezamos nueva temporada deportiva con nuevos y mejores h\u00e1bitos alimenticios. - Menorca al plat","robots":{"index":"index","follow":"follow","max-snippet":"max-snippet:-1","max-image-preview":"max-image-preview:large","max-video-preview":"max-video-preview:-1"},"canonical":"https:\/\/menorcalplat.com\/joventut\/es\/empezamos-nueva-temporada-deportiva-con-nuevos-y-mejores-habitos-alimenticios\/","og_locale":"es_ES","og_type":"article","og_title":"Empezamos nueva temporada deportiva con nuevos y mejores h\u00e1bitos alimenticios. - Menorca al plat","og_description":"El proyecto Menorca al Plat de la Juventut de la asociaci\u00f3n Leader Menorca reinicia su actividad coincidiendo con el inicio del curso escolar y de la temporada deportiva. Con el objetivo de acercar una alimentaci\u00f3n m\u00e1s saludable y sostenible a la comunidad deportiva, Leader trabaja en coordinaci\u00f3n con el programa Integrasport del Servicio de Deportes&hellip;","og_url":"https:\/\/menorcalplat.com\/joventut\/es\/empezamos-nueva-temporada-deportiva-con-nuevos-y-mejores-habitos-alimenticios\/","og_site_name":"Menorca al plat","article_published_time":"2021-10-11T09:37:31+00:00","article_modified_time":"2021-10-11T09:37:32+00:00","og_image":[{"width":1024,"height":768,"url":"https:\/\/menorcalplat.com\/joventut\/wp-content\/uploads\/2021\/10\/post-menorca-al-lat-joventut.jpg","type":"image\/jpeg"}],"author":"Miguel Carret\u00f3n","twitter_card":"summary_large_image","twitter_misc":{"Escrito por":"Miguel Carret\u00f3n","Tiempo de lectura":"2 minutos"},"schema":{"@context":"https:\/\/schema.org","@graph":[{"@type":"WebPage","@id":"https:\/\/menorcalplat.com\/joventut\/es\/empezamos-nueva-temporada-deportiva-con-nuevos-y-mejores-habitos-alimenticios\/","url":"https:\/\/menorcalplat.com\/joventut\/es\/empezamos-nueva-temporada-deportiva-con-nuevos-y-mejores-habitos-alimenticios\/","name":"Empezamos nueva temporada deportiva con nuevos y mejores h\u00e1bitos alimenticios. - Menorca al plat","isPartOf":{"@id":"https:\/\/menorcalplat.com\/joventut\/es\/#website"},"primaryImageOfPage":{"@id":"https:\/\/menorcalplat.com\/joventut\/es\/empezamos-nueva-temporada-deportiva-con-nuevos-y-mejores-habitos-alimenticios\/#primaryimage"},"image":{"@id":"https:\/\/menorcalplat.com\/joventut\/es\/empezamos-nueva-temporada-deportiva-con-nuevos-y-mejores-habitos-alimenticios\/#primaryimage"},"thumbnailUrl":"https:\/\/menorcalplat.com\/joventut\/wp-content\/uploads\/2021\/10\/post-menorca-al-lat-joventut.jpg","datePublished":"2021-10-11T09:37:31+00:00","dateModified":"2021-10-11T09:37:32+00:00","author":{"@id":"https:\/\/menorcalplat.com\/joventut\/es\/#\/schema\/person\/352b2b067941f8068928b45adc30eac4"},"inLanguage":"es","potentialAction":[{"@type":"ReadAction","target":["https:\/\/menorcalplat.com\/joventut\/es\/empezamos-nueva-temporada-deportiva-con-nuevos-y-mejores-habitos-alimenticios\/"]}]},{"@type":"ImageObject","inLanguage":"es","@id":"https:\/\/menorcalplat.com\/joventut\/es\/empezamos-nueva-temporada-deportiva-con-nuevos-y-mejores-habitos-alimenticios\/#primaryimage","url":"https:\/\/menorcalplat.com\/joventut\/wp-content\/uploads\/2021\/10\/post-menorca-al-lat-joventut.jpg","contentUrl":"https:\/\/menorcalplat.com\/joventut\/wp-content\/uploads\/2021\/10\/post-menorca-al-lat-joventut.jpg","width":1024,"height":768,"caption":"Post-Menorca-al-lat-joventut"},{"@type":"WebSite","@id":"https:\/\/menorcalplat.com\/joventut\/es\/#website","url":"https:\/\/menorcalplat.com\/joventut\/es\/","name":"Menorca al plat","description":"de la joventut","potentialAction":[{"@type":"SearchAction","target":{"@type":"EntryPoint","urlTemplate":"https:\/\/menorcalplat.com\/joventut\/es\/?s={search_term_string}"},"query-input":{"@type":"PropertyValueSpecification","valueRequired":true,"valueName":"search_term_string"}}],"inLanguage":"es"},{"@type":"Person","@id":"https:\/\/menorcalplat.com\/joventut\/es\/#\/schema\/person\/352b2b067941f8068928b45adc30eac4","name":"Miguel Carret\u00f3n"}]}},"_links":{"self":[{"href":"https:\/\/menorcalplat.com\/joventut\/es\/wp-json\/wp\/v2\/posts\/1463"}],"collection":[{"href":"https:\/\/menorcalplat.com\/joventut\/es\/wp-json\/wp\/v2\/posts"}],"about":[{"href":"https:\/\/menorcalplat.com\/joventut\/es\/wp-json\/wp\/v2\/types\/post"}],"author":[{"embeddable":true,"href":"https:\/\/menorcalplat.com\/joventut\/es\/wp-json\/wp\/v2\/users\/2"}],"replies":[{"embeddable":true,"href":"https:\/\/menorcalplat.com\/joventut\/es\/wp-json\/wp\/v2\/comments?post=1463"}],"version-history":[{"count":1,"href":"https:\/\/menorcalplat.com\/joventut\/es\/wp-json\/wp\/v2\/posts\/1463\/revisions"}],"predecessor-version":[{"id":1464,"href":"https:\/\/menorcalplat.com\/joventut\/es\/wp-json\/wp\/v2\/posts\/1463\/revisions\/1464"}],"wp:featuredmedia":[{"embeddable":true,"href":"https:\/\/menorcalplat.com\/joventut\/es\/wp-json\/wp\/v2\/media\/1461"}],"wp:attachment":[{"href":"https:\/\/menorcalplat.com\/joventut\/es\/wp-json\/wp\/v2\/media?parent=1463"}],"wp:term":[{"taxonomy":"category","embeddable":true,"href":"https:\/\/menorcalplat.com\/joventut\/es\/wp-json\/wp\/v2\/categories?post=1463"},{"taxonomy":"post_tag","embeddable":true,"href":"https:\/\/menorcalplat.com\/joventut\/es\/wp-json\/wp\/v2\/tags?post=1463"}],"curies":[{"name":"wp","href":"https:\/\/api.w.org\/{rel}","templated":true}]}}