{"id":1439,"date":"2021-04-12T18:00:52","date_gmt":"2021-04-12T16:00:52","guid":{"rendered":"https:\/\/menorcalplat.com\/joventut\/ya-tenemos-aqui-la-estanteria-saludable-y-sostenible\/"},"modified":"2021-04-12T18:00:53","modified_gmt":"2021-04-12T16:00:53","slug":"ya-tenemos-aqui-la-estanteria-saludable-y-sostenible","status":"publish","type":"post","link":"https:\/\/menorcalplat.com\/joventut\/es\/ya-tenemos-aqui-la-estanteria-saludable-y-sostenible\/","title":{"rendered":"\u00a1Ya tenemos aqu\u00ed la estanter\u00eda saludable y sostenible!"},"content":{"rendered":"\n<p> A partir de hoy, los clubes que lo deseen, as\u00ed como las cafeter\u00edas de centros deportivos que se animen, podr\u00e1n disponer en sus instalaciones de una estanter\u00eda, con el objetivo de ofrecer recursos informativos sobre alimentaci\u00f3n y productos locales saludables y sostenibles.<\/p>\n\n<p>Se trata de una iniciativa de la Asociaci\u00f3n Leader Menorca, en el marco del proyecto Menorca al Plato de la Juventud, para acercar a la juventud deportista de la isla opciones alternativas a las cl\u00e1sicas meriendas de boller\u00eda, snacks y golosinas, tanto habituales en los espacios deportivos, especialmente los fines de semana. Derivadas de los talleres sobre alimentaci\u00f3n que se realizan semanalmente con familias y deportistas de clubes adheridos al proyecto Integrasport, se ha detectado la necesidad de que en los espacios de los clubes deportivos (como en los bares y cafeter\u00edas) ofrezcan alimentos m\u00e1s sanos. Las familias perciben que sus hijas e hijos no comen m\u00e1s sano porque no hay opciones m\u00e1s sanas; y as\u00ed lo confirman la juventud deportista.<\/p>\n\n<p>La estanter\u00eda ser\u00e1 un punto de encuentro no s\u00f3lo entre deportistas y sus familias, cada vez que deseen informaci\u00f3n e ideas sobre alimentaci\u00f3n saludable, sino tambi\u00e9n entre \u00e9stas y el sector local de la producci\u00f3n de alimentos, como agricultores y artesanos dedicados a la producci\u00f3n de fruta, de pan y pastas, de yogures, embutidos, hortalizas, etc.<\/p>\n","protected":false},"excerpt":{"rendered":"<p>A partir de hoy, los clubes que lo deseen, as\u00ed como las cafeter\u00edas de centros deportivos que se animen, podr\u00e1n disponer en sus instalaciones de una estanter\u00eda, con el objetivo de ofrecer recursos informativos sobre alimentaci\u00f3n y productos locales saludables y sostenibles. Se trata de una iniciativa de la Asociaci\u00f3n Leader Menorca, en el marco&hellip;<\/p>\n","protected":false},"author":2,"featured_media":1437,"comment_status":"closed","ping_status":"closed","sticky":false,"template":"","format":"standard","meta":{"_acf_changed":false,"footnotes":""},"categories":[33],"tags":[],"class_list":["post-1439","post","type-post","status-publish","format-standard","has-post-thumbnail","hentry","category-formacion"],"acf":[],"yoast_head":"<!-- This site is optimized with the Yoast SEO plugin v23.6 - https:\/\/yoast.com\/wordpress\/plugins\/seo\/ -->\n<title>\u00a1Ya tenemos aqu\u00ed la estanter\u00eda saludable y sostenible! - Menorca al plat<\/title>\n<meta name=\"robots\" content=\"index, follow, max-snippet:-1, max-image-preview:large, max-video-preview:-1\" \/>\n<link rel=\"canonical\" href=\"https:\/\/menorcalplat.com\/joventut\/es\/ya-tenemos-aqui-la-estanteria-saludable-y-sostenible\/\" \/>\n<meta property=\"og:locale\" content=\"es_ES\" \/>\n<meta property=\"og:type\" content=\"article\" \/>\n<meta property=\"og:title\" content=\"\u00a1Ya tenemos aqu\u00ed la estanter\u00eda saludable y sostenible! - Menorca al plat\" \/>\n<meta property=\"og:description\" content=\"A partir de hoy, los clubes que lo deseen, as\u00ed como las cafeter\u00edas de centros deportivos que se animen, podr\u00e1n disponer en sus instalaciones de una estanter\u00eda, con el objetivo de ofrecer recursos informativos sobre alimentaci\u00f3n y productos locales saludables y sostenibles. Se trata de una iniciativa de la Asociaci\u00f3n Leader Menorca, en el marco&hellip;\" \/>\n<meta property=\"og:url\" content=\"https:\/\/menorcalplat.com\/joventut\/es\/ya-tenemos-aqui-la-estanteria-saludable-y-sostenible\/\" \/>\n<meta property=\"og:site_name\" content=\"Menorca al plat\" \/>\n<meta property=\"article:published_time\" content=\"2021-04-12T16:00:52+00:00\" \/>\n<meta property=\"article:modified_time\" content=\"2021-04-12T16:00:53+00:00\" \/>\n<meta property=\"og:image\" content=\"https:\/\/menorcalplat.com\/joventut\/wp-content\/uploads\/2021\/04\/prestatgeria-saludable-menorca-al-plat.jpg\" \/>\n\t<meta property=\"og:image:width\" content=\"1600\" \/>\n\t<meta property=\"og:image:height\" content=\"901\" \/>\n\t<meta property=\"og:image:type\" content=\"image\/jpeg\" \/>\n<meta name=\"author\" content=\"Miguel Carret\u00f3n\" \/>\n<meta name=\"twitter:card\" content=\"summary_large_image\" \/>\n<meta name=\"twitter:label1\" content=\"Escrito por\" \/>\n\t<meta name=\"twitter:data1\" content=\"Miguel Carret\u00f3n\" \/>\n\t<meta name=\"twitter:label2\" content=\"Tiempo de lectura\" \/>\n\t<meta name=\"twitter:data2\" content=\"1 minuto\" \/>\n<script type=\"application\/ld+json\" class=\"yoast-schema-graph\">{\"@context\":\"https:\/\/schema.org\",\"@graph\":[{\"@type\":\"WebPage\",\"@id\":\"https:\/\/menorcalplat.com\/joventut\/es\/ya-tenemos-aqui-la-estanteria-saludable-y-sostenible\/\",\"url\":\"https:\/\/menorcalplat.com\/joventut\/es\/ya-tenemos-aqui-la-estanteria-saludable-y-sostenible\/\",\"name\":\"\u00a1Ya tenemos aqu\u00ed la estanter\u00eda saludable y sostenible! - Menorca al plat\",\"isPartOf\":{\"@id\":\"https:\/\/menorcalplat.com\/joventut\/es\/#website\"},\"primaryImageOfPage\":{\"@id\":\"https:\/\/menorcalplat.com\/joventut\/es\/ya-tenemos-aqui-la-estanteria-saludable-y-sostenible\/#primaryimage\"},\"image\":{\"@id\":\"https:\/\/menorcalplat.com\/joventut\/es\/ya-tenemos-aqui-la-estanteria-saludable-y-sostenible\/#primaryimage\"},\"thumbnailUrl\":\"https:\/\/menorcalplat.com\/joventut\/wp-content\/uploads\/2021\/04\/prestatgeria-saludable-menorca-al-plat.jpg\",\"datePublished\":\"2021-04-12T16:00:52+00:00\",\"dateModified\":\"2021-04-12T16:00:53+00:00\",\"author\":{\"@id\":\"https:\/\/menorcalplat.com\/joventut\/es\/#\/schema\/person\/352b2b067941f8068928b45adc30eac4\"},\"inLanguage\":\"es\",\"potentialAction\":[{\"@type\":\"ReadAction\",\"target\":[\"https:\/\/menorcalplat.com\/joventut\/es\/ya-tenemos-aqui-la-estanteria-saludable-y-sostenible\/\"]}]},{\"@type\":\"ImageObject\",\"inLanguage\":\"es\",\"@id\":\"https:\/\/menorcalplat.com\/joventut\/es\/ya-tenemos-aqui-la-estanteria-saludable-y-sostenible\/#primaryimage\",\"url\":\"https:\/\/menorcalplat.com\/joventut\/wp-content\/uploads\/2021\/04\/prestatgeria-saludable-menorca-al-plat.jpg\",\"contentUrl\":\"https:\/\/menorcalplat.com\/joventut\/wp-content\/uploads\/2021\/04\/prestatgeria-saludable-menorca-al-plat.jpg\",\"width\":1600,\"height\":901,\"caption\":\"estanteria-saludable-menorca-al-plato\"},{\"@type\":\"WebSite\",\"@id\":\"https:\/\/menorcalplat.com\/joventut\/es\/#website\",\"url\":\"https:\/\/menorcalplat.com\/joventut\/es\/\",\"name\":\"Menorca al plat\",\"description\":\"de la joventut\",\"potentialAction\":[{\"@type\":\"SearchAction\",\"target\":{\"@type\":\"EntryPoint\",\"urlTemplate\":\"https:\/\/menorcalplat.com\/joventut\/es\/?s={search_term_string}\"},\"query-input\":{\"@type\":\"PropertyValueSpecification\",\"valueRequired\":true,\"valueName\":\"search_term_string\"}}],\"inLanguage\":\"es\"},{\"@type\":\"Person\",\"@id\":\"https:\/\/menorcalplat.com\/joventut\/es\/#\/schema\/person\/352b2b067941f8068928b45adc30eac4\",\"name\":\"Miguel Carret\u00f3n\"}]}<\/script>\n<!-- \/ Yoast SEO plugin. -->","yoast_head_json":{"title":"\u00a1Ya tenemos aqu\u00ed la estanter\u00eda saludable y sostenible! - Menorca al plat","robots":{"index":"index","follow":"follow","max-snippet":"max-snippet:-1","max-image-preview":"max-image-preview:large","max-video-preview":"max-video-preview:-1"},"canonical":"https:\/\/menorcalplat.com\/joventut\/es\/ya-tenemos-aqui-la-estanteria-saludable-y-sostenible\/","og_locale":"es_ES","og_type":"article","og_title":"\u00a1Ya tenemos aqu\u00ed la estanter\u00eda saludable y sostenible! - Menorca al plat","og_description":"A partir de hoy, los clubes que lo deseen, as\u00ed como las cafeter\u00edas de centros deportivos que se animen, podr\u00e1n disponer en sus instalaciones de una estanter\u00eda, con el objetivo de ofrecer recursos informativos sobre alimentaci\u00f3n y productos locales saludables y sostenibles. Se trata de una iniciativa de la Asociaci\u00f3n Leader Menorca, en el marco&hellip;","og_url":"https:\/\/menorcalplat.com\/joventut\/es\/ya-tenemos-aqui-la-estanteria-saludable-y-sostenible\/","og_site_name":"Menorca al plat","article_published_time":"2021-04-12T16:00:52+00:00","article_modified_time":"2021-04-12T16:00:53+00:00","og_image":[{"width":1600,"height":901,"url":"https:\/\/menorcalplat.com\/joventut\/wp-content\/uploads\/2021\/04\/prestatgeria-saludable-menorca-al-plat.jpg","type":"image\/jpeg"}],"author":"Miguel Carret\u00f3n","twitter_card":"summary_large_image","twitter_misc":{"Escrito por":"Miguel Carret\u00f3n","Tiempo de lectura":"1 minuto"},"schema":{"@context":"https:\/\/schema.org","@graph":[{"@type":"WebPage","@id":"https:\/\/menorcalplat.com\/joventut\/es\/ya-tenemos-aqui-la-estanteria-saludable-y-sostenible\/","url":"https:\/\/menorcalplat.com\/joventut\/es\/ya-tenemos-aqui-la-estanteria-saludable-y-sostenible\/","name":"\u00a1Ya tenemos aqu\u00ed la estanter\u00eda saludable y sostenible! - Menorca al plat","isPartOf":{"@id":"https:\/\/menorcalplat.com\/joventut\/es\/#website"},"primaryImageOfPage":{"@id":"https:\/\/menorcalplat.com\/joventut\/es\/ya-tenemos-aqui-la-estanteria-saludable-y-sostenible\/#primaryimage"},"image":{"@id":"https:\/\/menorcalplat.com\/joventut\/es\/ya-tenemos-aqui-la-estanteria-saludable-y-sostenible\/#primaryimage"},"thumbnailUrl":"https:\/\/menorcalplat.com\/joventut\/wp-content\/uploads\/2021\/04\/prestatgeria-saludable-menorca-al-plat.jpg","datePublished":"2021-04-12T16:00:52+00:00","dateModified":"2021-04-12T16:00:53+00:00","author":{"@id":"https:\/\/menorcalplat.com\/joventut\/es\/#\/schema\/person\/352b2b067941f8068928b45adc30eac4"},"inLanguage":"es","potentialAction":[{"@type":"ReadAction","target":["https:\/\/menorcalplat.com\/joventut\/es\/ya-tenemos-aqui-la-estanteria-saludable-y-sostenible\/"]}]},{"@type":"ImageObject","inLanguage":"es","@id":"https:\/\/menorcalplat.com\/joventut\/es\/ya-tenemos-aqui-la-estanteria-saludable-y-sostenible\/#primaryimage","url":"https:\/\/menorcalplat.com\/joventut\/wp-content\/uploads\/2021\/04\/prestatgeria-saludable-menorca-al-plat.jpg","contentUrl":"https:\/\/menorcalplat.com\/joventut\/wp-content\/uploads\/2021\/04\/prestatgeria-saludable-menorca-al-plat.jpg","width":1600,"height":901,"caption":"estanteria-saludable-menorca-al-plato"},{"@type":"WebSite","@id":"https:\/\/menorcalplat.com\/joventut\/es\/#website","url":"https:\/\/menorcalplat.com\/joventut\/es\/","name":"Menorca al plat","description":"de la joventut","potentialAction":[{"@type":"SearchAction","target":{"@type":"EntryPoint","urlTemplate":"https:\/\/menorcalplat.com\/joventut\/es\/?s={search_term_string}"},"query-input":{"@type":"PropertyValueSpecification","valueRequired":true,"valueName":"search_term_string"}}],"inLanguage":"es"},{"@type":"Person","@id":"https:\/\/menorcalplat.com\/joventut\/es\/#\/schema\/person\/352b2b067941f8068928b45adc30eac4","name":"Miguel Carret\u00f3n"}]}},"_links":{"self":[{"href":"https:\/\/menorcalplat.com\/joventut\/es\/wp-json\/wp\/v2\/posts\/1439"}],"collection":[{"href":"https:\/\/menorcalplat.com\/joventut\/es\/wp-json\/wp\/v2\/posts"}],"about":[{"href":"https:\/\/menorcalplat.com\/joventut\/es\/wp-json\/wp\/v2\/types\/post"}],"author":[{"embeddable":true,"href":"https:\/\/menorcalplat.com\/joventut\/es\/wp-json\/wp\/v2\/users\/2"}],"replies":[{"embeddable":true,"href":"https:\/\/menorcalplat.com\/joventut\/es\/wp-json\/wp\/v2\/comments?post=1439"}],"version-history":[{"count":1,"href":"https:\/\/menorcalplat.com\/joventut\/es\/wp-json\/wp\/v2\/posts\/1439\/revisions"}],"predecessor-version":[{"id":1440,"href":"https:\/\/menorcalplat.com\/joventut\/es\/wp-json\/wp\/v2\/posts\/1439\/revisions\/1440"}],"wp:featuredmedia":[{"embeddable":true,"href":"https:\/\/menorcalplat.com\/joventut\/es\/wp-json\/wp\/v2\/media\/1437"}],"wp:attachment":[{"href":"https:\/\/menorcalplat.com\/joventut\/es\/wp-json\/wp\/v2\/media?parent=1439"}],"wp:term":[{"taxonomy":"category","embeddable":true,"href":"https:\/\/menorcalplat.com\/joventut\/es\/wp-json\/wp\/v2\/categories?post=1439"},{"taxonomy":"post_tag","embeddable":true,"href":"https:\/\/menorcalplat.com\/joventut\/es\/wp-json\/wp\/v2\/tags?post=1439"}],"curies":[{"name":"wp","href":"https:\/\/api.w.org\/{rel}","templated":true}]}}