{"id":1428,"date":"2021-04-12T13:20:16","date_gmt":"2021-04-12T11:20:16","guid":{"rendered":"https:\/\/menorcalplat.com\/joventut\/familias-de-deportistas-solicitan-talleres-de-acompanamiento-sobre-habitos-alimenticios-saludables\/"},"modified":"2021-04-12T15:01:45","modified_gmt":"2021-04-12T13:01:45","slug":"familias-de-deportistas-solicitan-talleres-de-acompanamiento-sobre-habitos-alimenticios-saludables","status":"publish","type":"post","link":"https:\/\/menorcalplat.com\/joventut\/es\/familias-de-deportistas-solicitan-talleres-de-acompanamiento-sobre-habitos-alimenticios-saludables\/","title":{"rendered":"Familias de deportistas solicitan talleres de acompa\u00f1amiento sobre h\u00e1bitos alimenticios saludables"},"content":{"rendered":"\n<p> Grupos de familias de equipos deportivos del club de b\u00e0tminton de Ma\u00f3, del club de r\u00edtmica Ca Nostra de Ciutadella y de tenis Mercadal han podido compartir espacios de reflexi\u00f3n entorno la alimentaci\u00f3n saludable para deportistas en edad infantil y juvenil.<\/p>\n\n<p>El taller consiste en una charla interactiva sobre qu\u00e9 entendemos por alimentaci\u00f3n saludable y de qu\u00e9 manera diversas combinaciones de alimentos a lo largo de los almuerzos de cada d\u00eda podemos configurar dietas muy diferentes de una familia a otra, pero todas ellas saludables. Descubrimos juntas, que el denominador com\u00fan entre varias dietas saludables no es exactamente lo que deben incluir, sino lo que deben excluirse. La intervenci\u00f3n termina con un debate sobre la importancia de no obviar la salud de nuestro entorno (el animal y el medio ambiente) cuando elegimos un alimento u otro. Igualmente, cuando hablamos de salud nos referimos tanto al continente (el planeta) como al contenido (las personas y los animales).<\/p>\n\n<p>Las sesiones para madres y padres son ya un cl\u00e1sico dentro del proyecto Menorca al Plato de la Juventud de la Asociaci\u00f3n Leader Menorca, en colaboraci\u00f3n con el proyecto Integrasport del Consell Insular de Menorca; y se han hecho imprescindibles cuando los mismos clubes deportivos apuestan por trabajar temas relacionados con la alimentaci\u00f3n. De este modo, j\u00f3venes deportistas reciben peque\u00f1os impactos positivos tanto desde el club, como desde casa como desde la escuela.<\/p>\n","protected":false},"excerpt":{"rendered":"<p>Grupos de familias de equipos deportivos del club de b\u00e0tminton de Ma\u00f3, del club de r\u00edtmica Ca Nostra de Ciutadella y de tenis Mercadal han podido compartir espacios de reflexi\u00f3n entorno la alimentaci\u00f3n saludable para deportistas en edad infantil y juvenil. El taller consiste en una charla interactiva sobre qu\u00e9 entendemos por alimentaci\u00f3n saludable y&hellip;<\/p>\n","protected":false},"author":2,"featured_media":1432,"comment_status":"closed","ping_status":"closed","sticky":false,"template":"","format":"standard","meta":{"_acf_changed":false,"footnotes":""},"categories":[33],"tags":[],"class_list":["post-1428","post","type-post","status-publish","format-standard","has-post-thumbnail","hentry","category-formacion"],"acf":[],"yoast_head":"<!-- This site is optimized with the Yoast SEO plugin v23.6 - https:\/\/yoast.com\/wordpress\/plugins\/seo\/ -->\n<title>Familias de deportistas solicitan talleres de acompa\u00f1amiento sobre h\u00e1bitos alimenticios saludables - Menorca al plat<\/title>\n<meta name=\"robots\" content=\"index, follow, max-snippet:-1, max-image-preview:large, max-video-preview:-1\" \/>\n<link rel=\"canonical\" href=\"https:\/\/menorcalplat.com\/joventut\/es\/familias-de-deportistas-solicitan-talleres-de-acompanamiento-sobre-habitos-alimenticios-saludables\/\" \/>\n<meta property=\"og:locale\" content=\"es_ES\" \/>\n<meta property=\"og:type\" content=\"article\" \/>\n<meta property=\"og:title\" content=\"Familias de deportistas solicitan talleres de acompa\u00f1amiento sobre h\u00e1bitos alimenticios saludables - Menorca al plat\" \/>\n<meta property=\"og:description\" content=\"Grupos de familias de equipos deportivos del club de b\u00e0tminton de Ma\u00f3, del club de r\u00edtmica Ca Nostra de Ciutadella y de tenis Mercadal han podido compartir espacios de reflexi\u00f3n entorno la alimentaci\u00f3n saludable para deportistas en edad infantil y juvenil. El taller consiste en una charla interactiva sobre qu\u00e9 entendemos por alimentaci\u00f3n saludable y&hellip;\" \/>\n<meta property=\"og:url\" content=\"https:\/\/menorcalplat.com\/joventut\/es\/familias-de-deportistas-solicitan-talleres-de-acompanamiento-sobre-habitos-alimenticios-saludables\/\" \/>\n<meta property=\"og:site_name\" content=\"Menorca al plat\" \/>\n<meta property=\"article:published_time\" content=\"2021-04-12T11:20:16+00:00\" \/>\n<meta property=\"article:modified_time\" content=\"2021-04-12T13:01:45+00:00\" \/>\n<meta property=\"og:image\" content=\"https:\/\/menorcalplat.com\/joventut\/wp-content\/uploads\/2021\/04\/tallers-dacompanyament-habits-alimentaris-saludables.jpg\" \/>\n\t<meta property=\"og:image:width\" content=\"2000\" \/>\n\t<meta property=\"og:image:height\" content=\"1500\" \/>\n\t<meta property=\"og:image:type\" content=\"image\/jpeg\" \/>\n<meta name=\"author\" content=\"Miguel Carret\u00f3n\" \/>\n<meta name=\"twitter:card\" content=\"summary_large_image\" \/>\n<meta name=\"twitter:label1\" content=\"Escrito por\" \/>\n\t<meta name=\"twitter:data1\" content=\"Miguel Carret\u00f3n\" \/>\n\t<meta name=\"twitter:label2\" content=\"Tiempo de lectura\" \/>\n\t<meta name=\"twitter:data2\" content=\"1 minuto\" \/>\n<script type=\"application\/ld+json\" class=\"yoast-schema-graph\">{\"@context\":\"https:\/\/schema.org\",\"@graph\":[{\"@type\":\"WebPage\",\"@id\":\"https:\/\/menorcalplat.com\/joventut\/es\/familias-de-deportistas-solicitan-talleres-de-acompanamiento-sobre-habitos-alimenticios-saludables\/\",\"url\":\"https:\/\/menorcalplat.com\/joventut\/es\/familias-de-deportistas-solicitan-talleres-de-acompanamiento-sobre-habitos-alimenticios-saludables\/\",\"name\":\"Familias de deportistas solicitan talleres de acompa\u00f1amiento sobre h\u00e1bitos alimenticios saludables - Menorca al plat\",\"isPartOf\":{\"@id\":\"https:\/\/menorcalplat.com\/joventut\/es\/#website\"},\"primaryImageOfPage\":{\"@id\":\"https:\/\/menorcalplat.com\/joventut\/es\/familias-de-deportistas-solicitan-talleres-de-acompanamiento-sobre-habitos-alimenticios-saludables\/#primaryimage\"},\"image\":{\"@id\":\"https:\/\/menorcalplat.com\/joventut\/es\/familias-de-deportistas-solicitan-talleres-de-acompanamiento-sobre-habitos-alimenticios-saludables\/#primaryimage\"},\"thumbnailUrl\":\"https:\/\/menorcalplat.com\/joventut\/wp-content\/uploads\/2021\/04\/tallers-dacompanyament-habits-alimentaris-saludables.jpg\",\"datePublished\":\"2021-04-12T11:20:16+00:00\",\"dateModified\":\"2021-04-12T13:01:45+00:00\",\"author\":{\"@id\":\"https:\/\/menorcalplat.com\/joventut\/es\/#\/schema\/person\/352b2b067941f8068928b45adc30eac4\"},\"inLanguage\":\"es\",\"potentialAction\":[{\"@type\":\"ReadAction\",\"target\":[\"https:\/\/menorcalplat.com\/joventut\/es\/familias-de-deportistas-solicitan-talleres-de-acompanamiento-sobre-habitos-alimenticios-saludables\/\"]}]},{\"@type\":\"ImageObject\",\"inLanguage\":\"es\",\"@id\":\"https:\/\/menorcalplat.com\/joventut\/es\/familias-de-deportistas-solicitan-talleres-de-acompanamiento-sobre-habitos-alimenticios-saludables\/#primaryimage\",\"url\":\"https:\/\/menorcalplat.com\/joventut\/wp-content\/uploads\/2021\/04\/tallers-dacompanyament-habits-alimentaris-saludables.jpg\",\"contentUrl\":\"https:\/\/menorcalplat.com\/joventut\/wp-content\/uploads\/2021\/04\/tallers-dacompanyament-habits-alimentaris-saludables.jpg\",\"width\":2000,\"height\":1500,\"caption\":\"tallers-acompanyament-ha\u0300bits-alimentaris-saludables\"},{\"@type\":\"WebSite\",\"@id\":\"https:\/\/menorcalplat.com\/joventut\/es\/#website\",\"url\":\"https:\/\/menorcalplat.com\/joventut\/es\/\",\"name\":\"Menorca al plat\",\"description\":\"de la joventut\",\"potentialAction\":[{\"@type\":\"SearchAction\",\"target\":{\"@type\":\"EntryPoint\",\"urlTemplate\":\"https:\/\/menorcalplat.com\/joventut\/es\/?s={search_term_string}\"},\"query-input\":{\"@type\":\"PropertyValueSpecification\",\"valueRequired\":true,\"valueName\":\"search_term_string\"}}],\"inLanguage\":\"es\"},{\"@type\":\"Person\",\"@id\":\"https:\/\/menorcalplat.com\/joventut\/es\/#\/schema\/person\/352b2b067941f8068928b45adc30eac4\",\"name\":\"Miguel Carret\u00f3n\"}]}<\/script>\n<!-- \/ Yoast SEO plugin. -->","yoast_head_json":{"title":"Familias de deportistas solicitan talleres de acompa\u00f1amiento sobre h\u00e1bitos alimenticios saludables - Menorca al plat","robots":{"index":"index","follow":"follow","max-snippet":"max-snippet:-1","max-image-preview":"max-image-preview:large","max-video-preview":"max-video-preview:-1"},"canonical":"https:\/\/menorcalplat.com\/joventut\/es\/familias-de-deportistas-solicitan-talleres-de-acompanamiento-sobre-habitos-alimenticios-saludables\/","og_locale":"es_ES","og_type":"article","og_title":"Familias de deportistas solicitan talleres de acompa\u00f1amiento sobre h\u00e1bitos alimenticios saludables - Menorca al plat","og_description":"Grupos de familias de equipos deportivos del club de b\u00e0tminton de Ma\u00f3, del club de r\u00edtmica Ca Nostra de Ciutadella y de tenis Mercadal han podido compartir espacios de reflexi\u00f3n entorno la alimentaci\u00f3n saludable para deportistas en edad infantil y juvenil. El taller consiste en una charla interactiva sobre qu\u00e9 entendemos por alimentaci\u00f3n saludable y&hellip;","og_url":"https:\/\/menorcalplat.com\/joventut\/es\/familias-de-deportistas-solicitan-talleres-de-acompanamiento-sobre-habitos-alimenticios-saludables\/","og_site_name":"Menorca al plat","article_published_time":"2021-04-12T11:20:16+00:00","article_modified_time":"2021-04-12T13:01:45+00:00","og_image":[{"width":2000,"height":1500,"url":"https:\/\/menorcalplat.com\/joventut\/wp-content\/uploads\/2021\/04\/tallers-dacompanyament-habits-alimentaris-saludables.jpg","type":"image\/jpeg"}],"author":"Miguel Carret\u00f3n","twitter_card":"summary_large_image","twitter_misc":{"Escrito por":"Miguel Carret\u00f3n","Tiempo de lectura":"1 minuto"},"schema":{"@context":"https:\/\/schema.org","@graph":[{"@type":"WebPage","@id":"https:\/\/menorcalplat.com\/joventut\/es\/familias-de-deportistas-solicitan-talleres-de-acompanamiento-sobre-habitos-alimenticios-saludables\/","url":"https:\/\/menorcalplat.com\/joventut\/es\/familias-de-deportistas-solicitan-talleres-de-acompanamiento-sobre-habitos-alimenticios-saludables\/","name":"Familias de deportistas solicitan talleres de acompa\u00f1amiento sobre h\u00e1bitos alimenticios saludables - Menorca al plat","isPartOf":{"@id":"https:\/\/menorcalplat.com\/joventut\/es\/#website"},"primaryImageOfPage":{"@id":"https:\/\/menorcalplat.com\/joventut\/es\/familias-de-deportistas-solicitan-talleres-de-acompanamiento-sobre-habitos-alimenticios-saludables\/#primaryimage"},"image":{"@id":"https:\/\/menorcalplat.com\/joventut\/es\/familias-de-deportistas-solicitan-talleres-de-acompanamiento-sobre-habitos-alimenticios-saludables\/#primaryimage"},"thumbnailUrl":"https:\/\/menorcalplat.com\/joventut\/wp-content\/uploads\/2021\/04\/tallers-dacompanyament-habits-alimentaris-saludables.jpg","datePublished":"2021-04-12T11:20:16+00:00","dateModified":"2021-04-12T13:01:45+00:00","author":{"@id":"https:\/\/menorcalplat.com\/joventut\/es\/#\/schema\/person\/352b2b067941f8068928b45adc30eac4"},"inLanguage":"es","potentialAction":[{"@type":"ReadAction","target":["https:\/\/menorcalplat.com\/joventut\/es\/familias-de-deportistas-solicitan-talleres-de-acompanamiento-sobre-habitos-alimenticios-saludables\/"]}]},{"@type":"ImageObject","inLanguage":"es","@id":"https:\/\/menorcalplat.com\/joventut\/es\/familias-de-deportistas-solicitan-talleres-de-acompanamiento-sobre-habitos-alimenticios-saludables\/#primaryimage","url":"https:\/\/menorcalplat.com\/joventut\/wp-content\/uploads\/2021\/04\/tallers-dacompanyament-habits-alimentaris-saludables.jpg","contentUrl":"https:\/\/menorcalplat.com\/joventut\/wp-content\/uploads\/2021\/04\/tallers-dacompanyament-habits-alimentaris-saludables.jpg","width":2000,"height":1500,"caption":"tallers-acompanyament-ha\u0300bits-alimentaris-saludables"},{"@type":"WebSite","@id":"https:\/\/menorcalplat.com\/joventut\/es\/#website","url":"https:\/\/menorcalplat.com\/joventut\/es\/","name":"Menorca al plat","description":"de la joventut","potentialAction":[{"@type":"SearchAction","target":{"@type":"EntryPoint","urlTemplate":"https:\/\/menorcalplat.com\/joventut\/es\/?s={search_term_string}"},"query-input":{"@type":"PropertyValueSpecification","valueRequired":true,"valueName":"search_term_string"}}],"inLanguage":"es"},{"@type":"Person","@id":"https:\/\/menorcalplat.com\/joventut\/es\/#\/schema\/person\/352b2b067941f8068928b45adc30eac4","name":"Miguel Carret\u00f3n"}]}},"_links":{"self":[{"href":"https:\/\/menorcalplat.com\/joventut\/es\/wp-json\/wp\/v2\/posts\/1428"}],"collection":[{"href":"https:\/\/menorcalplat.com\/joventut\/es\/wp-json\/wp\/v2\/posts"}],"about":[{"href":"https:\/\/menorcalplat.com\/joventut\/es\/wp-json\/wp\/v2\/types\/post"}],"author":[{"embeddable":true,"href":"https:\/\/menorcalplat.com\/joventut\/es\/wp-json\/wp\/v2\/users\/2"}],"replies":[{"embeddable":true,"href":"https:\/\/menorcalplat.com\/joventut\/es\/wp-json\/wp\/v2\/comments?post=1428"}],"version-history":[{"count":3,"href":"https:\/\/menorcalplat.com\/joventut\/es\/wp-json\/wp\/v2\/posts\/1428\/revisions"}],"predecessor-version":[{"id":1434,"href":"https:\/\/menorcalplat.com\/joventut\/es\/wp-json\/wp\/v2\/posts\/1428\/revisions\/1434"}],"wp:featuredmedia":[{"embeddable":true,"href":"https:\/\/menorcalplat.com\/joventut\/es\/wp-json\/wp\/v2\/media\/1432"}],"wp:attachment":[{"href":"https:\/\/menorcalplat.com\/joventut\/es\/wp-json\/wp\/v2\/media?parent=1428"}],"wp:term":[{"taxonomy":"category","embeddable":true,"href":"https:\/\/menorcalplat.com\/joventut\/es\/wp-json\/wp\/v2\/categories?post=1428"},{"taxonomy":"post_tag","embeddable":true,"href":"https:\/\/menorcalplat.com\/joventut\/es\/wp-json\/wp\/v2\/tags?post=1428"}],"curies":[{"name":"wp","href":"https:\/\/api.w.org\/{rel}","templated":true}]}}