{"id":1424,"date":"2021-04-12T13:12:45","date_gmt":"2021-04-12T11:12:45","guid":{"rendered":"https:\/\/menorcalplat.com\/joventut\/retomamos-los-talleres-presenciales-de-alimentacion-saludable-y-sostenible-con-deportistas\/"},"modified":"2021-04-12T13:12:46","modified_gmt":"2021-04-12T11:12:46","slug":"retomamos-los-talleres-presenciales-de-alimentacion-saludable-y-sostenible-con-deportistas","status":"publish","type":"post","link":"https:\/\/menorcalplat.com\/joventut\/es\/retomamos-los-talleres-presenciales-de-alimentacion-saludable-y-sostenible-con-deportistas\/","title":{"rendered":"Retomamos los talleres presenciales de alimentaci\u00f3n saludable y sostenible con deportistas"},"content":{"rendered":"\n<p>En las \u00faltimas semanas, los equipos deportivos de los clubes adheridos al programa Integrasport del Consell Insular de Menorca han retomado las actividades relacionadas con los h\u00e1bitos alimentarios saludables y sostenibles que ofrece la Asociaci\u00f3n Leader Menorca en el marco del proyecto Menorca al Plato de la Juventud.<\/p>\n\n<p>Las sesiones se realizan a pie de pista, antes, durante o despu\u00e9s de los entrenamientos deportivos habituales, con el objetivo principal de crear un espacio de reflexi\u00f3n, debate y cr\u00edtica sobre el actual modelo alimentario, en relaci\u00f3n a sus impactos sobre la salud de las personas, sobre el entorno m\u00e1s cercano y sobre el medio ambiente. Tambi\u00e9n se dedica una parte de la intervenci\u00f3n a discutir sobre posibles gestos que pueden contribuir a transformar el actual sistema de alimentaci\u00f3n en un modelo m\u00e1s saludable, justo y respetuoso.&#13;\n<\/p>\n\n<p>Las y los deportistas autoeval\u00faan primeramente los t\u00edpicos meriendas y merienda de j\u00f3venes de la misma edad, para profundizar poco a poco en la composici\u00f3n nutricional de los principales de los alimentos superfluos que a d\u00eda de hoy llenan nuestros despensas: los az\u00facares, la sal y los grasas de baja calidad aparecen como primeros ingredientes; y son, precisamente, los nutrientes m\u00e1s relacionados con patolog\u00edas cardiovasculares como el exceso de peso, la diabetes, la hipertensi\u00f3n y los problemas de colesterol. Dar prioridad a los alimentos frescos (poco o nada procesados), producidos en proximidad y adquiridos localmente y sin envoltorios innecesarios son acciones que mejoran nuestro estilo de vida y la salud tanto de las personas como del planeta.<\/p>\n","protected":false},"excerpt":{"rendered":"<p>En las \u00faltimas semanas, los equipos deportivos de los clubes adheridos al programa Integrasport del Consell Insular de Menorca han retomado las actividades relacionadas con los h\u00e1bitos alimentarios saludables y sostenibles que ofrece la Asociaci\u00f3n Leader Menorca en el marco del proyecto Menorca al Plato de la Juventud. Las sesiones se realizan a pie de&hellip;<\/p>\n","protected":false},"author":2,"featured_media":1422,"comment_status":"closed","ping_status":"closed","sticky":false,"template":"","format":"standard","meta":{"_acf_changed":false,"footnotes":""},"categories":[26],"tags":[],"class_list":["post-1424","post","type-post","status-publish","format-standard","has-post-thumbnail","hentry","category-menu-sostenible-es"],"acf":[],"yoast_head":"<!-- This site is optimized with the Yoast SEO plugin v23.6 - https:\/\/yoast.com\/wordpress\/plugins\/seo\/ -->\n<title>Retomamos los talleres presenciales de alimentaci\u00f3n saludable y sostenible con deportistas - Menorca al plat<\/title>\n<meta name=\"robots\" content=\"index, follow, max-snippet:-1, max-image-preview:large, max-video-preview:-1\" \/>\n<link rel=\"canonical\" href=\"https:\/\/menorcalplat.com\/joventut\/es\/retomamos-los-talleres-presenciales-de-alimentacion-saludable-y-sostenible-con-deportistas\/\" \/>\n<meta property=\"og:locale\" content=\"es_ES\" \/>\n<meta property=\"og:type\" content=\"article\" \/>\n<meta property=\"og:title\" content=\"Retomamos los talleres presenciales de alimentaci\u00f3n saludable y sostenible con deportistas - Menorca al plat\" \/>\n<meta property=\"og:description\" content=\"En las \u00faltimas semanas, los equipos deportivos de los clubes adheridos al programa Integrasport del Consell Insular de Menorca han retomado las actividades relacionadas con los h\u00e1bitos alimentarios saludables y sostenibles que ofrece la Asociaci\u00f3n Leader Menorca en el marco del proyecto Menorca al Plato de la Juventud. Las sesiones se realizan a pie de&hellip;\" \/>\n<meta property=\"og:url\" content=\"https:\/\/menorcalplat.com\/joventut\/es\/retomamos-los-talleres-presenciales-de-alimentacion-saludable-y-sostenible-con-deportistas\/\" \/>\n<meta property=\"og:site_name\" content=\"Menorca al plat\" \/>\n<meta property=\"article:published_time\" content=\"2021-04-12T11:12:45+00:00\" \/>\n<meta property=\"article:modified_time\" content=\"2021-04-12T11:12:46+00:00\" \/>\n<meta property=\"og:image\" content=\"https:\/\/menorcalplat.com\/joventut\/wp-content\/uploads\/2021\/04\/bereneta-saludable-1-1.jpg\" \/>\n\t<meta property=\"og:image:width\" content=\"1484\" \/>\n\t<meta property=\"og:image:height\" content=\"948\" \/>\n\t<meta property=\"og:image:type\" content=\"image\/jpeg\" \/>\n<meta name=\"author\" content=\"Miguel Carret\u00f3n\" \/>\n<meta name=\"twitter:card\" content=\"summary_large_image\" \/>\n<meta name=\"twitter:label1\" content=\"Escrito por\" \/>\n\t<meta name=\"twitter:data1\" content=\"Miguel Carret\u00f3n\" \/>\n\t<meta name=\"twitter:label2\" content=\"Tiempo de lectura\" \/>\n\t<meta name=\"twitter:data2\" content=\"1 minuto\" \/>\n<script type=\"application\/ld+json\" class=\"yoast-schema-graph\">{\"@context\":\"https:\/\/schema.org\",\"@graph\":[{\"@type\":\"WebPage\",\"@id\":\"https:\/\/menorcalplat.com\/joventut\/es\/retomamos-los-talleres-presenciales-de-alimentacion-saludable-y-sostenible-con-deportistas\/\",\"url\":\"https:\/\/menorcalplat.com\/joventut\/es\/retomamos-los-talleres-presenciales-de-alimentacion-saludable-y-sostenible-con-deportistas\/\",\"name\":\"Retomamos los talleres presenciales de alimentaci\u00f3n saludable y sostenible con deportistas - Menorca al plat\",\"isPartOf\":{\"@id\":\"https:\/\/menorcalplat.com\/joventut\/es\/#website\"},\"primaryImageOfPage\":{\"@id\":\"https:\/\/menorcalplat.com\/joventut\/es\/retomamos-los-talleres-presenciales-de-alimentacion-saludable-y-sostenible-con-deportistas\/#primaryimage\"},\"image\":{\"@id\":\"https:\/\/menorcalplat.com\/joventut\/es\/retomamos-los-talleres-presenciales-de-alimentacion-saludable-y-sostenible-con-deportistas\/#primaryimage\"},\"thumbnailUrl\":\"https:\/\/menorcalplat.com\/joventut\/wp-content\/uploads\/2021\/04\/bereneta-saludable-1-1.jpg\",\"datePublished\":\"2021-04-12T11:12:45+00:00\",\"dateModified\":\"2021-04-12T11:12:46+00:00\",\"author\":{\"@id\":\"https:\/\/menorcalplat.com\/joventut\/es\/#\/schema\/person\/352b2b067941f8068928b45adc30eac4\"},\"inLanguage\":\"es\",\"potentialAction\":[{\"@type\":\"ReadAction\",\"target\":[\"https:\/\/menorcalplat.com\/joventut\/es\/retomamos-los-talleres-presenciales-de-alimentacion-saludable-y-sostenible-con-deportistas\/\"]}]},{\"@type\":\"ImageObject\",\"inLanguage\":\"es\",\"@id\":\"https:\/\/menorcalplat.com\/joventut\/es\/retomamos-los-talleres-presenciales-de-alimentacion-saludable-y-sostenible-con-deportistas\/#primaryimage\",\"url\":\"https:\/\/menorcalplat.com\/joventut\/wp-content\/uploads\/2021\/04\/bereneta-saludable-1-1.jpg\",\"contentUrl\":\"https:\/\/menorcalplat.com\/joventut\/wp-content\/uploads\/2021\/04\/bereneta-saludable-1-1.jpg\",\"width\":1484,\"height\":948},{\"@type\":\"WebSite\",\"@id\":\"https:\/\/menorcalplat.com\/joventut\/es\/#website\",\"url\":\"https:\/\/menorcalplat.com\/joventut\/es\/\",\"name\":\"Menorca al plat\",\"description\":\"de la joventut\",\"potentialAction\":[{\"@type\":\"SearchAction\",\"target\":{\"@type\":\"EntryPoint\",\"urlTemplate\":\"https:\/\/menorcalplat.com\/joventut\/es\/?s={search_term_string}\"},\"query-input\":{\"@type\":\"PropertyValueSpecification\",\"valueRequired\":true,\"valueName\":\"search_term_string\"}}],\"inLanguage\":\"es\"},{\"@type\":\"Person\",\"@id\":\"https:\/\/menorcalplat.com\/joventut\/es\/#\/schema\/person\/352b2b067941f8068928b45adc30eac4\",\"name\":\"Miguel Carret\u00f3n\"}]}<\/script>\n<!-- \/ Yoast SEO plugin. -->","yoast_head_json":{"title":"Retomamos los talleres presenciales de alimentaci\u00f3n saludable y sostenible con deportistas - Menorca al plat","robots":{"index":"index","follow":"follow","max-snippet":"max-snippet:-1","max-image-preview":"max-image-preview:large","max-video-preview":"max-video-preview:-1"},"canonical":"https:\/\/menorcalplat.com\/joventut\/es\/retomamos-los-talleres-presenciales-de-alimentacion-saludable-y-sostenible-con-deportistas\/","og_locale":"es_ES","og_type":"article","og_title":"Retomamos los talleres presenciales de alimentaci\u00f3n saludable y sostenible con deportistas - Menorca al plat","og_description":"En las \u00faltimas semanas, los equipos deportivos de los clubes adheridos al programa Integrasport del Consell Insular de Menorca han retomado las actividades relacionadas con los h\u00e1bitos alimentarios saludables y sostenibles que ofrece la Asociaci\u00f3n Leader Menorca en el marco del proyecto Menorca al Plato de la Juventud. Las sesiones se realizan a pie de&hellip;","og_url":"https:\/\/menorcalplat.com\/joventut\/es\/retomamos-los-talleres-presenciales-de-alimentacion-saludable-y-sostenible-con-deportistas\/","og_site_name":"Menorca al plat","article_published_time":"2021-04-12T11:12:45+00:00","article_modified_time":"2021-04-12T11:12:46+00:00","og_image":[{"width":1484,"height":948,"url":"https:\/\/menorcalplat.com\/joventut\/wp-content\/uploads\/2021\/04\/bereneta-saludable-1-1.jpg","type":"image\/jpeg"}],"author":"Miguel Carret\u00f3n","twitter_card":"summary_large_image","twitter_misc":{"Escrito por":"Miguel Carret\u00f3n","Tiempo de lectura":"1 minuto"},"schema":{"@context":"https:\/\/schema.org","@graph":[{"@type":"WebPage","@id":"https:\/\/menorcalplat.com\/joventut\/es\/retomamos-los-talleres-presenciales-de-alimentacion-saludable-y-sostenible-con-deportistas\/","url":"https:\/\/menorcalplat.com\/joventut\/es\/retomamos-los-talleres-presenciales-de-alimentacion-saludable-y-sostenible-con-deportistas\/","name":"Retomamos los talleres presenciales de alimentaci\u00f3n saludable y sostenible con deportistas - Menorca al plat","isPartOf":{"@id":"https:\/\/menorcalplat.com\/joventut\/es\/#website"},"primaryImageOfPage":{"@id":"https:\/\/menorcalplat.com\/joventut\/es\/retomamos-los-talleres-presenciales-de-alimentacion-saludable-y-sostenible-con-deportistas\/#primaryimage"},"image":{"@id":"https:\/\/menorcalplat.com\/joventut\/es\/retomamos-los-talleres-presenciales-de-alimentacion-saludable-y-sostenible-con-deportistas\/#primaryimage"},"thumbnailUrl":"https:\/\/menorcalplat.com\/joventut\/wp-content\/uploads\/2021\/04\/bereneta-saludable-1-1.jpg","datePublished":"2021-04-12T11:12:45+00:00","dateModified":"2021-04-12T11:12:46+00:00","author":{"@id":"https:\/\/menorcalplat.com\/joventut\/es\/#\/schema\/person\/352b2b067941f8068928b45adc30eac4"},"inLanguage":"es","potentialAction":[{"@type":"ReadAction","target":["https:\/\/menorcalplat.com\/joventut\/es\/retomamos-los-talleres-presenciales-de-alimentacion-saludable-y-sostenible-con-deportistas\/"]}]},{"@type":"ImageObject","inLanguage":"es","@id":"https:\/\/menorcalplat.com\/joventut\/es\/retomamos-los-talleres-presenciales-de-alimentacion-saludable-y-sostenible-con-deportistas\/#primaryimage","url":"https:\/\/menorcalplat.com\/joventut\/wp-content\/uploads\/2021\/04\/bereneta-saludable-1-1.jpg","contentUrl":"https:\/\/menorcalplat.com\/joventut\/wp-content\/uploads\/2021\/04\/bereneta-saludable-1-1.jpg","width":1484,"height":948},{"@type":"WebSite","@id":"https:\/\/menorcalplat.com\/joventut\/es\/#website","url":"https:\/\/menorcalplat.com\/joventut\/es\/","name":"Menorca al plat","description":"de la joventut","potentialAction":[{"@type":"SearchAction","target":{"@type":"EntryPoint","urlTemplate":"https:\/\/menorcalplat.com\/joventut\/es\/?s={search_term_string}"},"query-input":{"@type":"PropertyValueSpecification","valueRequired":true,"valueName":"search_term_string"}}],"inLanguage":"es"},{"@type":"Person","@id":"https:\/\/menorcalplat.com\/joventut\/es\/#\/schema\/person\/352b2b067941f8068928b45adc30eac4","name":"Miguel Carret\u00f3n"}]}},"_links":{"self":[{"href":"https:\/\/menorcalplat.com\/joventut\/es\/wp-json\/wp\/v2\/posts\/1424"}],"collection":[{"href":"https:\/\/menorcalplat.com\/joventut\/es\/wp-json\/wp\/v2\/posts"}],"about":[{"href":"https:\/\/menorcalplat.com\/joventut\/es\/wp-json\/wp\/v2\/types\/post"}],"author":[{"embeddable":true,"href":"https:\/\/menorcalplat.com\/joventut\/es\/wp-json\/wp\/v2\/users\/2"}],"replies":[{"embeddable":true,"href":"https:\/\/menorcalplat.com\/joventut\/es\/wp-json\/wp\/v2\/comments?post=1424"}],"version-history":[{"count":1,"href":"https:\/\/menorcalplat.com\/joventut\/es\/wp-json\/wp\/v2\/posts\/1424\/revisions"}],"predecessor-version":[{"id":1425,"href":"https:\/\/menorcalplat.com\/joventut\/es\/wp-json\/wp\/v2\/posts\/1424\/revisions\/1425"}],"wp:featuredmedia":[{"embeddable":true,"href":"https:\/\/menorcalplat.com\/joventut\/es\/wp-json\/wp\/v2\/media\/1422"}],"wp:attachment":[{"href":"https:\/\/menorcalplat.com\/joventut\/es\/wp-json\/wp\/v2\/media?parent=1424"}],"wp:term":[{"taxonomy":"category","embeddable":true,"href":"https:\/\/menorcalplat.com\/joventut\/es\/wp-json\/wp\/v2\/categories?post=1424"},{"taxonomy":"post_tag","embeddable":true,"href":"https:\/\/menorcalplat.com\/joventut\/es\/wp-json\/wp\/v2\/tags?post=1424"}],"curies":[{"name":"wp","href":"https:\/\/api.w.org\/{rel}","templated":true}]}}